{"id":71345,"date":"2025-09-22T00:26:19","date_gmt":"2025-09-22T06:26:19","guid":{"rendered":"https:\/\/politicosaldesnudo.com.mx\/?p=71345"},"modified":"2025-09-22T00:24:35","modified_gmt":"2025-09-22T06:24:35","slug":"los-junior-lopez-tienen-quien-los-defienda-porque-lo-necesitan","status":"publish","type":"post","link":"https:\/\/politicosaldesnudo.com.mx\/index.php\/2025\/09\/22\/los-junior-lopez-tienen-quien-los-defienda-porque-lo-necesitan\/","title":{"rendered":"Los j\u00fanior L\u00f3pez tienen quien los defienda\u2026 porque lo necesitan"},"content":{"rendered":"<p>La campa\u00f1a es evidente.<\/p>\n<p>Desde todos los espacios del oficialismo se habla bien de los hermanos\u00a0<strong>L\u00f3pez Beltr\u00e1n,\u00a0<\/strong>hoy por hoy\u00a0<strong>Andr\u00e9s Manuel\u00a0<\/strong>y\u00a0<strong>Gonzalo<\/strong>, pero antes y en varias ocasiones tambi\u00e9n su hermano mayor,\u00a0<strong>Jos\u00e9 Ram\u00f3n<\/strong>.<\/p>\n<p>Y seguramente necesitan ese cobijo.<\/p>\n<p>Desde Palacio Nacional hasta la dirigente morenista\u00a0<strong>Luisa Mar\u00eda Alcalde<\/strong>\u00a0se trata de deslindar de esc\u00e1ndalos a los hijos de\u00a0<strong>Andr\u00e9s Manuel L\u00f3pez Obrador<\/strong>.<\/p>\n<p>Por origen y herencia, dice la narrativa p\u00fablica, son personas honestas y las cr\u00edticas provienen de la derecha, de los conservadores, de los enemigos del movimiento del tabasque\u00f1o.<\/p>\n<p>Pero la duda lleva a preguntarse cu\u00e1nto han contribuido ellos a generar, con su comportamiento, con hechos corroborables y varios de ellos documentados, esa versi\u00f3n cr\u00edtica.<\/p>\n<p>Tal vez sin esos elementos ellos no estar\u00edan en el debate y tendr\u00eda plena vigencia la doctrina lopezobradorista de austeridad y pobreza franciscana postulada como dogma para todos los mexicanos.<\/p>\n<p><strong>NO HAGAS COSAS\u2026<\/strong><\/p>\n<p>Esta reflexi\u00f3n conlleva a un hecho:<\/p>\n<p>A principios de 1992 fui invitado por\u00a0<strong>Javier Garc\u00eda Paniagua<\/strong>, pap\u00e1 del hoy secretario\u00a0<strong>Omar Garc\u00eda Harfuch<\/strong>, a desayunar en sus oficinas de la Loter\u00eda Nacional.<\/p>\n<p>Antes de las ocho de la ma\u00f1ana, cuando serv\u00edan el caf\u00e9, fue informado de la llegada de un alto funcionario de\u00a0<strong>Carlos Salinas<\/strong>\u00a0y le pidi\u00f3 dialogar unos minutos.<\/p>\n<p>Pidi\u00f3 disculpas por la urgencia y le explic\u00f3: hab\u00eda estallado un conflicto personal y tem\u00eda ser despedido por el Presidente si el esc\u00e1ndalo escalaba.<\/p>\n<p>-\u00bfNo quiere que se sepa? -le pregunt\u00f3\u00a0<strong>Garc\u00eda Paniagua<\/strong>.<\/p>\n<p>-La verdad no. Por eso he venido a pedirle apoyo.<\/p>\n<p>-Pues no lo haga. Ahora v\u00e1yase y aclare todo -y lo despidi\u00f3\u00a0<strong>Garc\u00eda Paniagua\u00a0<\/strong>sin m\u00e1s consejo.<\/p>\n<p>Hoy el tema recae en los hermanos\u00a0<strong>L\u00f3pez Beltr\u00e1n<\/strong>, cuya fama anda en medios, redes sociales y en comentarios de caf\u00e9 porque a juicio de muchos insulta la inteligencia de los mexicanos y sobre todo traiciona la filosof\u00eda de su padre\u00a0<strong>Andr\u00e9s Manuel L\u00f3pez Obrador<\/strong>.<\/p>\n<p>Mas a falta de esa congruencia est\u00e1 la defensa oficial.<\/p>\n<p><strong>NADIE DE PRI Y PAN<\/strong><\/p>\n<p>1.- Ning\u00fan hijo de expresidente ha tenido tan mala fama.<\/p>\n<p>Y por ello no fue necesario defensa alguna.<\/p>\n<p>El mayor cuestionamiento lo sufri\u00f3\u00a0<strong>Jos\u00e9 L\u00f3pez Portillo<\/strong>, quien nombr\u00f3 subsecretario de Programaci\u00f3n y Presupuesto a su hijo\u00a0<strong>Jos\u00e9 Ram\u00f3n<\/strong>, aqu\u00e9l\u00a0<strong>L\u00f3pez Romano\u00a0<\/strong>y no\u00a0<strong>L\u00f3pez Beltr\u00e1n\u00a0<\/strong>como el actual.<\/p>\n<p>El Presidente sali\u00f3 en su defensa:<\/p>\n<p>-Es el orgullo de mi nepotismo -y lo mantuvo en el cargo.<\/p>\n<p>Desde entonces ning\u00fan heredero de los siguientes expresidentes &#8211;<strong>Miguel de la Madrid<\/strong>,\u00a0<strong>Carlos Salinas<\/strong>,\u00a0<strong>Ernesto Zedillo<\/strong>,\u00a0<strong>Vicente Fox<\/strong>,\u00a0<strong>Felipe Calder\u00f3n<\/strong>\u00a0y\u00a0<strong>Enrique Pe\u00f1a<\/strong>&#8211; dieron de qu\u00e9 hablar.<\/p>\n<p>-Los corruptos del PRI y del PAN -dice la\u00a0<strong><em>4T<\/em><\/strong>.<\/p>\n<p>Hoy los descendientes de\u00a0<strong>L\u00f3pez Obrador\u00a0<\/strong>son tema de preguntas y defensa constantes en Palacio Nacional.<\/p>\n<p>2.- Con negociaci\u00f3n previa, miles de migrantes y descendientes de mexicanos marcharon en la isla de Manhattan por las Fiestas Patrias.<\/p>\n<p>Hizo la convocatoria el c\u00f3nsul en Nueva York,\u00a0<strong>Marcos Bucio<\/strong>, quien antes habl\u00f3 con distintas autoridades y en especial con la c\u00fapula del ICE.<\/p>\n<p>Y 3.- Cero y van diez.<\/p>\n<p>La presidenta\u00a0<strong>Claudia Sheinbaum\u00a0<\/strong>visit\u00f3 Guerrero por d\u00e9cima vez para, en compa\u00f1\u00eda de la gobernadora\u00a0<strong>Evelyn Salgado<\/strong>, atestiguar el avance de programas sociales e inversi\u00f3n.<\/p>\n<p>M\u00e1s de mill\u00f3n y medio de personas beneficiadas y obras adicionales por 10 mil 790 millones para el programa\u00a0<strong><em>Acapulco se transforma contigo<\/em><\/strong>.<\/p>\n<p><img data-recalc-dims=\"1\" loading=\"lazy\" decoding=\"async\" class=\"aligncenter size-full wp-image-71335\" src=\"https:\/\/i0.wp.com\/politicosaldesnudo.com.mx\/wp-content\/uploads\/2025\/09\/FIRMA-EDITORIAL-PD-6.jpg?resize=800%2C98&#038;ssl=1\" alt=\"\" width=\"800\" height=\"98\" srcset=\"https:\/\/i0.wp.com\/politicosaldesnudo.com.mx\/wp-content\/uploads\/2025\/09\/FIRMA-EDITORIAL-PD-6.jpg?w=1024&amp;ssl=1 1024w, https:\/\/i0.wp.com\/politicosaldesnudo.com.mx\/wp-content\/uploads\/2025\/09\/FIRMA-EDITORIAL-PD-6.jpg?resize=300%2C37&amp;ssl=1 300w, https:\/\/i0.wp.com\/politicosaldesnudo.com.mx\/wp-content\/uploads\/2025\/09\/FIRMA-EDITORIAL-PD-6.jpg?resize=768%2C94&amp;ssl=1 768w\" sizes=\"auto, (max-width: 800px) 100vw, 800px\" \/><\/p>\n","protected":false},"excerpt":{"rendered":"<p>La campa\u00f1a es evidente. Desde todos los espacios del oficialismo se habla bien de los hermanos\u00a0L\u00f3pez Beltr\u00e1n,\u00a0hoy por hoy\u00a0Andr\u00e9s Manuel\u00a0y\u00a0Gonzalo,<\/p>\n","protected":false},"author":4,"featured_media":51971,"comment_status":"closed","ping_status":"closed","sticky":false,"template":"","format":"standard","meta":{"colormag_page_container_layout":"default_layout","colormag_page_sidebar_layout":"default_layout","_jetpack_memberships_contains_paid_content":false,"footnotes":"","jetpack_publicize_message":"","jetpack_publicize_feature_enabled":true,"jetpack_social_post_already_shared":true,"jetpack_social_options":{"image_generator_settings":{"template":"highway","default_image_id":0,"font":"","enabled":false},"version":2}},"categories":[26],"tags":[],"class_list":["post-71345","post","type-post","status-publish","format-standard","has-post-thumbnail","hentry","category-columnistas"],"jetpack_publicize_connections":[],"jetpack_featured_media_url":"https:\/\/i0.wp.com\/politicosaldesnudo.com.mx\/wp-content\/uploads\/2024\/12\/TELEFONO-ROJO.jpg?fit=800%2C448&ssl=1","jetpack-related-posts":[],"jetpack_sharing_enabled":true,"_links":{"self":[{"href":"https:\/\/politicosaldesnudo.com.mx\/index.php\/wp-json\/wp\/v2\/posts\/71345","targetHints":{"allow":["GET"]}}],"collection":[{"href":"https:\/\/politicosaldesnudo.com.mx\/index.php\/wp-json\/wp\/v2\/posts"}],"about":[{"href":"https:\/\/politicosaldesnudo.com.mx\/index.php\/wp-json\/wp\/v2\/types\/post"}],"author":[{"embeddable":true,"href":"https:\/\/politicosaldesnudo.com.mx\/index.php\/wp-json\/wp\/v2\/users\/4"}],"replies":[{"embeddable":true,"href":"https:\/\/politicosaldesnudo.com.mx\/index.php\/wp-json\/wp\/v2\/comments?post=71345"}],"version-history":[{"count":0,"href":"https:\/\/politicosaldesnudo.com.mx\/index.php\/wp-json\/wp\/v2\/posts\/71345\/revisions"}],"wp:featuredmedia":[{"embeddable":true,"href":"https:\/\/politicosaldesnudo.com.mx\/index.php\/wp-json\/wp\/v2\/media\/51971"}],"wp:attachment":[{"href":"https:\/\/politicosaldesnudo.com.mx\/index.php\/wp-json\/wp\/v2\/media?parent=71345"}],"wp:term":[{"taxonomy":"category","embeddable":true,"href":"https:\/\/politicosaldesnudo.com.mx\/index.php\/wp-json\/wp\/v2\/categories?post=71345"},{"taxonomy":"post_tag","embeddable":true,"href":"https:\/\/politicosaldesnudo.com.mx\/index.php\/wp-json\/wp\/v2\/tags?post=71345"}],"curies":[{"name":"wp","href":"https:\/\/api.w.org\/{rel}","templated":true}]}}