{"id":71347,"date":"2025-09-22T00:27:15","date_gmt":"2025-09-22T06:27:15","guid":{"rendered":"https:\/\/politicosaldesnudo.com.mx\/?p=71347"},"modified":"2025-09-22T00:26:37","modified_gmt":"2025-09-22T06:26:37","slug":"se-reduce-la-desigualdad-social","status":"publish","type":"post","link":"https:\/\/politicosaldesnudo.com.mx\/index.php\/2025\/09\/22\/se-reduce-la-desigualdad-social\/","title":{"rendered":"Se reduce la desigualdad social"},"content":{"rendered":"<p><span style=\"font-family: arial, helvetica, sans-serif; font-size: 18pt;\"><strong>Combatir las diferencias sociales no implica reducir ganancias de nadie sino voluntad pol\u00edtica<\/strong><\/span><\/p>\n<p><span style=\"font-family: arial, helvetica, sans-serif; font-size: 14pt;\"><strong>Por \u00c1ngel \u00c1lvaro Pe\u00f1a<\/strong><\/span><\/p>\n<p><span style=\"font-family: arial, helvetica, sans-serif; font-size: 14pt;\">Para algunas clases sociales la pobreza no es un conflicto urgente de erradicar. Para esos sectores de la poblaci\u00f3n es la inseguridad, porque tienen algo que perder, no saben que quienes viven en la pobreza, nada pierden.<\/span><\/p>\n<p><span style=\"font-family: arial, helvetica, sans-serif; font-size: 14pt;\">Es en esa diferencia donde surge la prioridad para erradicar la pobreza. Quien tiene algo que perder es porque tiene algo, a quienes ni eso tienen, no les preocupa la inseguridad.<\/span><\/p>\n<p><span style=\"font-family: arial, helvetica, sans-serif; font-size: 14pt;\">Colocar a la inseguridad como el principal problema de M\u00e9xico no s\u00f3lo es un acto de racismo sino desconocer la causa misma de la delincuencia y el origen de la desigualdad.<\/span><\/p>\n<p><span style=\"font-family: arial, helvetica, sans-serif; font-size: 14pt;\">De ah\u00ed que se piense, desde las median\u00edas de las clases sociales, que los pobres son malos y se convierten en ladrones tarde o temprano. Como si no hubiera ladrones de cuello blanco, que roban m\u00e1s continuamente y mayores cantidades.<\/span><\/p>\n<p><span style=\"font-family: arial, helvetica, sans-serif; font-size: 14pt;\">Es en ese panorama donde la visi\u00f3n de la pobreza era parte de la discriminaci\u00f3n. Al reducirse esta diferencia y borrar la distancia entre pobres y ricos, se destruyen mitos que acompa\u00f1aron por mucho tiempo el pensamiento de los mexicanos y crearon sus propias reglas, entre las que se encuentra la justificaci\u00f3n de la discriminaci\u00f3n, que al reducirse la pobreza tambi\u00e9n se reduce esta exclusi\u00f3n entre mexicanos, entre hermanos.<\/span><\/p>\n<p><span style=\"font-family: arial, helvetica, sans-serif; font-size: 14pt;\">La presidenta Claudia Sheinbaum Pardo destac\u00f3 que M\u00e9xico ha reducido los niveles de desigualdad social, al pasar de ser el pa\u00eds m\u00e1s desigual del planeta en 2012, pasa ahora a convertirse, seg\u00fan datos del Inegi, en el segundo pa\u00eds con menor desigualdad del continente, solo detr\u00e1s de Canad\u00e1.<\/span><\/p>\n<p><span style=\"font-family: arial, helvetica, sans-serif; font-size: 14pt;\">Las medidas son muy claras, la aplicaci\u00f3n de una nueva mentalidad en la pol\u00edtica econ\u00f3mica da resultados, misma que trat\u00f3 de ser detenida por el neoliberalismo que surge durante la presidencia de Miguel de la Madrid.<\/span><\/p>\n<p><span style=\"font-family: arial, helvetica, sans-serif; font-size: 14pt;\">Se dec\u00eda como si se tratara de una regla cient\u00edfica comprobada que el aumento a los salarios repercut\u00eda en la inflaci\u00f3n. Es decir, seg\u00fan su visi\u00f3n de econom\u00eda rupestre, afirmaban que impulsaba el crecimiento de la pobreza.<\/span><\/p>\n<p><span style=\"font-family: arial, helvetica, sans-serif; font-size: 14pt;\">De alguna manera estaba impl\u00edcitamente prohibidas medidas como el aumento del salario m\u00ednimo, que creci\u00f3<strong>\u00a0<\/strong>135% entre 2018 y 2025, recuperando el poder adquisitivo sin generar inflaci\u00f3n.<\/span><\/p>\n<p><span style=\"font-family: arial, helvetica, sans-serif; font-size: 14pt;\">Los programas de Bienestar, que se convirtieron en derechos constitucionales. Incluyen pensiones universales, becas, apoyos al campo y subsidios directos.<\/span><\/p>\n<p><span style=\"font-family: arial, helvetica, sans-serif; font-size: 14pt;\">La eliminaci\u00f3n del outsourcing, que oblig\u00f3 a empleadores a contratar directamente. Esta medida s\u00f3lo serv\u00eda para una mayor explotaci\u00f3n de los empleados, la evasi\u00f3n fiscal, y aumentar ganancias en los empresarios.<\/span><\/p>\n<p><span style=\"font-family: arial, helvetica, sans-serif; font-size: 14pt;\">La creaci\u00f3n de obra p\u00fablica estrat\u00e9gica, con proyectos como el Tren Maya, el Corredor Interoce\u00e1nico, Dos Bocas y el AIFA reactivaron econom\u00edas regionales con cientos de miles de empleos directos e indirectos.<\/span><\/p>\n<p><span style=\"font-family: arial, helvetica, sans-serif; font-size: 14pt;\">El 2012 fue el periodo de mayor desigualdad en nuestro pa\u00eds\u2026 \u201c\u00e9ramos el pa\u00eds m\u00e1s desigual de todo el planeta, ahora, se dio a conocer tambi\u00e9n que somos el segundo pa\u00eds menos desigual del continente. Es decir, se distribuy\u00f3 la riqueza, se distribuy\u00f3 la riqueza\u201d, dijo la Presidenta.<\/span><\/p>\n<p><span style=\"font-family: arial, helvetica, sans-serif; font-size: 14pt;\">El gobierno afirma que este proceso no es asistencialista, sino parte de un modelo de Estado de Bienestar que busca garantizar derechos sociales universales: salud, educaci\u00f3n, vivienda, alimentaci\u00f3n y seguridad social.<\/span><\/p>\n<p><span style=\"font-family: arial, helvetica, sans-serif; font-size: 14pt;\">Adem\u00e1s, se otorg\u00f3 prioridad al mercado sobre el bienestar social.<\/span><\/p>\n<p><span style=\"font-family: arial, helvetica, sans-serif; font-size: 14pt;\">Buena parte de la estrategia se debe a la aplicaci\u00f3n de programas, sostenidos con el dinero que en anteriores gobiernos se desaparec\u00eda. Seg\u00fan el Inventario Federal,<strong>\u00a0<\/strong>123 programas y acciones sociales. El Inventario Estatal implica<strong>\u00a0<\/strong>1,038 programas en los 32 estados. El Inventario Municipal contiene 6,792 acciones locales.<\/span><\/p>\n<p><span style=\"font-family: arial, helvetica, sans-serif; font-size: 14pt;\">Los programas m\u00e1s relevantes tienen que ver con Pensi\u00f3n para Adultos Mayores, Becas Benito Ju\u00e1rez, Sembrando Vida, J\u00f3venes Construyendo el Futuro, Apoyos a vivienda y cultura comunitaria.<\/span><\/p>\n<p><span style=\"font-family: arial, helvetica, sans-serif; font-size: 14pt;\">En estados como Veracruz, Chiapas, Oaxaca y Guerrero, se observa herencia de estructuras que combinan operadores pol\u00edticos, medios locales y redes de percepci\u00f3n.<\/span><\/p>\n<p><span style=\"font-family: arial, helvetica, sans-serif; font-size: 14pt;\">Estos programas son expuestos ante la poblaci\u00f3n, que tiene el derecho de observar, y, en su caso denunciar, alguna anomal\u00eda en la aplicaci\u00f3n de los programas. Es decir, investigar, obtener datos y denunciar y no como le hace la oposici\u00f3n que denuncia y luego averigua si su acusaci\u00f3n tiene sustento.<\/span><\/p>\n<p><span style=\"font-family: arial, helvetica, sans-serif; font-size: 14pt;\">Para estos casos est\u00e1 la Auditor\u00eda Superior de la Federaci\u00f3n que supervisa las aplicaciones de recursos y, en el INE se vigila el uso de recursos en tiempos electorales.<\/span><\/p>\n<p><span style=\"font-family: arial, helvetica, sans-serif; font-size: 14pt;\">La mayor\u00eda de las mediciones de reducci\u00f3n de la pobreza tienen como condici\u00f3n que no pueden darse a conocer sin antes ser verificadas por organismos externos a la instituci\u00f3n que realiza dichos c\u00e1lculos, y hay medidas que eval\u00faan desde diferentes aspectos el gran logro de reducir la pobreza, de tal suerte que los resultados optimistas no pueden ser cuentas alegres destinadas a la propaganda pol\u00edtica o partidista, sino a un trabajo conjunto que marca la diferencia por su compromiso.<\/span><\/p>\n<p><span style=\"font-family: arial, helvetica, sans-serif; font-size: 14pt;\">Nadie puede negar las jornadas de trabajo de quienes impulsan estas condiciones de bienestar.<\/span><\/p>\n<p><span style=\"font-family: arial, helvetica, sans-serif; font-size: 14pt;\">Por lo regular las causas de la pobreza tienen su origen en tareas propias de la administraci\u00f3n p\u00fablica que no se llevaron a cabo o carecieron de eficacia y transparencia.<\/span><\/p>\n<p><span style=\"font-family: arial, helvetica, sans-serif; font-size: 14pt;\">Las causas principales son complejas e interconectadas entre s\u00ed, como la falta<strong>\u00a0<\/strong>de oportunidades educativas, desigualdad econ\u00f3mica, discriminaci\u00f3n y exclusi\u00f3n social.<\/span><\/p>\n<p><span style=\"font-family: arial, helvetica, sans-serif; font-size: 14pt;\">Las consecuencias, adem\u00e1s de su reproducci\u00f3n exponencial, son: alimentaci\u00f3n deficiente y desnutrici\u00f3n, deserci\u00f3n\u00a0escolar, entre otras.<\/span><\/p>\n<p><span style=\"font-family: arial, helvetica, sans-serif; font-size: 14pt;\">Las diferencias entre el pasado y el futuro tienen en este esfuerzo una constancia de cambio. As\u00ed, se le resta a la pr\u00e1ctica de la corrupci\u00f3n buena parte de su costumbre. Esto no quiere decir que ese mal que invadi\u00f3 la administraci\u00f3n por muchos a\u00f1os se haya erradicado, pero, al igual que la pobreza, se reduce paulatinamente hasta desaparecer.<\/span><\/p>\n","protected":false},"excerpt":{"rendered":"<p>Combatir las diferencias sociales no implica reducir ganancias de nadie sino voluntad pol\u00edtica Por \u00c1ngel \u00c1lvaro Pe\u00f1a Para algunas clases<\/p>\n","protected":false},"author":4,"featured_media":71348,"comment_status":"closed","ping_status":"closed","sticky":false,"template":"","format":"standard","meta":{"colormag_page_container_layout":"default_layout","colormag_page_sidebar_layout":"default_layout","_jetpack_memberships_contains_paid_content":false,"footnotes":"","jetpack_publicize_message":"","jetpack_publicize_feature_enabled":true,"jetpack_social_post_already_shared":true,"jetpack_social_options":{"image_generator_settings":{"template":"highway","default_image_id":0,"font":"","enabled":false},"version":2}},"categories":[26],"tags":[],"class_list":["post-71347","post","type-post","status-publish","format-standard","has-post-thumbnail","hentry","category-columnistas"],"jetpack_publicize_connections":[],"jetpack_featured_media_url":"https:\/\/i0.wp.com\/politicosaldesnudo.com.mx\/wp-content\/uploads\/2025\/09\/62769217_605.jpg?fit=1199%2C674&ssl=1","jetpack-related-posts":[],"jetpack_sharing_enabled":true,"_links":{"self":[{"href":"https:\/\/politicosaldesnudo.com.mx\/index.php\/wp-json\/wp\/v2\/posts\/71347","targetHints":{"allow":["GET"]}}],"collection":[{"href":"https:\/\/politicosaldesnudo.com.mx\/index.php\/wp-json\/wp\/v2\/posts"}],"about":[{"href":"https:\/\/politicosaldesnudo.com.mx\/index.php\/wp-json\/wp\/v2\/types\/post"}],"author":[{"embeddable":true,"href":"https:\/\/politicosaldesnudo.com.mx\/index.php\/wp-json\/wp\/v2\/users\/4"}],"replies":[{"embeddable":true,"href":"https:\/\/politicosaldesnudo.com.mx\/index.php\/wp-json\/wp\/v2\/comments?post=71347"}],"version-history":[{"count":0,"href":"https:\/\/politicosaldesnudo.com.mx\/index.php\/wp-json\/wp\/v2\/posts\/71347\/revisions"}],"wp:featuredmedia":[{"embeddable":true,"href":"https:\/\/politicosaldesnudo.com.mx\/index.php\/wp-json\/wp\/v2\/media\/71348"}],"wp:attachment":[{"href":"https:\/\/politicosaldesnudo.com.mx\/index.php\/wp-json\/wp\/v2\/media?parent=71347"}],"wp:term":[{"taxonomy":"category","embeddable":true,"href":"https:\/\/politicosaldesnudo.com.mx\/index.php\/wp-json\/wp\/v2\/categories?post=71347"},{"taxonomy":"post_tag","embeddable":true,"href":"https:\/\/politicosaldesnudo.com.mx\/index.php\/wp-json\/wp\/v2\/tags?post=71347"}],"curies":[{"name":"wp","href":"https:\/\/api.w.org\/{rel}","templated":true}]}}