{"id":71367,"date":"2025-09-23T00:05:47","date_gmt":"2025-09-23T06:05:47","guid":{"rendered":"https:\/\/politicosaldesnudo.com.mx\/?p=71367"},"modified":"2025-09-22T21:07:05","modified_gmt":"2025-09-23T03:07:05","slug":"imss-consolida-estrategia-ante-emergencias-a-4-decadas-de-los-sismos-de-1985","status":"publish","type":"post","link":"https:\/\/politicosaldesnudo.com.mx\/index.php\/2025\/09\/23\/imss-consolida-estrategia-ante-emergencias-a-4-decadas-de-los-sismos-de-1985\/","title":{"rendered":"IMSS consolida estrategia ante emergencias a 4 d\u00e9cadas de los sismos de 1985"},"content":{"rendered":"<p class=\"nota-justify\">A 40 a\u00f1os del sismo de 1985, Instituto Mexicano del Seguro Social (IMSS) asegur\u00f3 que los principales aprendizajes ante ese acontecimiento fue el desarrollo de manuales arquitect\u00f3nicos especializados para la construcci\u00f3n de hospitales en zonas s\u00edsmicas y el programa Hospital Seguro, con el objetivo de no suspender la atenci\u00f3n m\u00e9dica ante fen\u00f3menos naturales ( sismos, lluvias severas, inundaciones o nevadas), y tambi\u00e9n socio-organizativos (amenazas de bomba o marchas).<\/p>\n<p class=\"nota-justify\">La doctora Elizabeth Hern\u00e1ndez Borges, Coordinadora T\u00e9cnica de Protecci\u00f3n Civil del Seguro Social, record\u00f3 que el sismo de hace cuatro d\u00e9cadas provoc\u00f3 la p\u00e9rdida de 2 mil 275 camas hospitalarias del Instituto, lo que represent\u00f3 m\u00e1s de la mitad del total de camas inhabilitadas a nivel nacional. \u201cLos da\u00f1os que sufrieron los hospitales nos impidieron, en aquel momento, dar continuidad de operaciones\u201d. Por ello, se mejor\u00f3 la gesti\u00f3n integral de riesgos de desastre, con avances significativos en infraestructura, capacitaci\u00f3n y organizaci\u00f3n institucional.<\/p>\n<p class=\"nota-justify\">En un comunicado indic\u00f3 que desde 2022, el Instituto cuenta con la Coordinaci\u00f3n T\u00e9cnica de Protecci\u00f3n Civil, y desde 2023, con Jefaturas de Oficina en los \u00d3rganos de Operaci\u00f3n Administrativa Desconcentrada (OOAD) y Unidades M\u00e9dicas de Alta Especialidad (UMAE), que transformaron las actividades de protecci\u00f3n civil en funciones sustantivas, las cuales operan bajo un manual de organizaci\u00f3n y cuentan con acreditaci\u00f3n institucional emitida por la autoridad federal.<\/p>\n<p class=\"nota-justify\">Explic\u00f3 que entre los retos actuales del Instituto se encuentra la implementaci\u00f3n de un sistema automatizado de supresi\u00f3n de incendios en almacenes y hospitales, as\u00ed como la homologaci\u00f3n de criterios para la atenci\u00f3n de emergencias y an\u00e1lisis de riesgos.<\/p>\n<p class=\"nota-justify\">Como parte de la transformaci\u00f3n institucional en la materia, el IMSS ha promovido la cultura de la autoprotecci\u00f3n entre sus trabajadores y derechohabientes mediante capacitaciones presenciales y virtuales, asesor\u00edas t\u00e9cnicas y simulacros, acciones que se articulan con las Jefaturas de Oficina de Protecci\u00f3n Civil en los estados que operan bajo un programa anual de trabajo enfocado en la integraci\u00f3n de Unidades Internas en todos los inmuebles.<\/p>\n","protected":false},"excerpt":{"rendered":"<p>A 40 a\u00f1os del sismo de 1985, Instituto Mexicano del Seguro Social (IMSS) asegur\u00f3 que los principales aprendizajes ante ese<\/p>\n","protected":false},"author":4,"featured_media":71368,"comment_status":"closed","ping_status":"closed","sticky":false,"template":"","format":"standard","meta":{"colormag_page_container_layout":"default_layout","colormag_page_sidebar_layout":"default_layout","_jetpack_memberships_contains_paid_content":false,"footnotes":"","jetpack_publicize_message":"","jetpack_publicize_feature_enabled":true,"jetpack_social_post_already_shared":true,"jetpack_social_options":{"image_generator_settings":{"template":"highway","default_image_id":0,"font":"","enabled":false},"version":2}},"categories":[33],"tags":[],"class_list":["post-71367","post","type-post","status-publish","format-standard","has-post-thumbnail","hentry","category-nacional"],"jetpack_publicize_connections":[],"jetpack_featured_media_url":"https:\/\/i0.wp.com\/politicosaldesnudo.com.mx\/wp-content\/uploads\/2025\/09\/IMSSSS.jpg?fit=663%2C568&ssl=1","jetpack-related-posts":[],"jetpack_sharing_enabled":true,"_links":{"self":[{"href":"https:\/\/politicosaldesnudo.com.mx\/index.php\/wp-json\/wp\/v2\/posts\/71367","targetHints":{"allow":["GET"]}}],"collection":[{"href":"https:\/\/politicosaldesnudo.com.mx\/index.php\/wp-json\/wp\/v2\/posts"}],"about":[{"href":"https:\/\/politicosaldesnudo.com.mx\/index.php\/wp-json\/wp\/v2\/types\/post"}],"author":[{"embeddable":true,"href":"https:\/\/politicosaldesnudo.com.mx\/index.php\/wp-json\/wp\/v2\/users\/4"}],"replies":[{"embeddable":true,"href":"https:\/\/politicosaldesnudo.com.mx\/index.php\/wp-json\/wp\/v2\/comments?post=71367"}],"version-history":[{"count":0,"href":"https:\/\/politicosaldesnudo.com.mx\/index.php\/wp-json\/wp\/v2\/posts\/71367\/revisions"}],"wp:featuredmedia":[{"embeddable":true,"href":"https:\/\/politicosaldesnudo.com.mx\/index.php\/wp-json\/wp\/v2\/media\/71368"}],"wp:attachment":[{"href":"https:\/\/politicosaldesnudo.com.mx\/index.php\/wp-json\/wp\/v2\/media?parent=71367"}],"wp:term":[{"taxonomy":"category","embeddable":true,"href":"https:\/\/politicosaldesnudo.com.mx\/index.php\/wp-json\/wp\/v2\/categories?post=71367"},{"taxonomy":"post_tag","embeddable":true,"href":"https:\/\/politicosaldesnudo.com.mx\/index.php\/wp-json\/wp\/v2\/tags?post=71367"}],"curies":[{"name":"wp","href":"https:\/\/api.w.org\/{rel}","templated":true}]}}