{"id":71370,"date":"2025-09-23T00:06:09","date_gmt":"2025-09-23T06:06:09","guid":{"rendered":"https:\/\/politicosaldesnudo.com.mx\/?p=71370"},"modified":"2025-09-22T21:09:33","modified_gmt":"2025-09-23T03:09:33","slug":"instruye-sheinbaum-a-gabinete-de-seguridad-investigar-asesinatos-de-artistas-colombianos","status":"publish","type":"post","link":"https:\/\/politicosaldesnudo.com.mx\/index.php\/2025\/09\/23\/instruye-sheinbaum-a-gabinete-de-seguridad-investigar-asesinatos-de-artistas-colombianos\/","title":{"rendered":"Instruye Sheinbaum a Gabinete de Seguridad investigar asesinatos de artistas colombianos"},"content":{"rendered":"<p>El gabinete de seguridad del Gobierno de M\u00e9xico inform\u00f3 este lunes que, por instrucciones de la presidenta Claudia Sheinbaum Pardo, todas las instituciones de seguridad federal investigar\u00e1n, en coordinaci\u00f3n con las fiscal\u00edas de la Ciudad de M\u00e9xico y del Estado de M\u00e9xico, los homicidios de dos artistas colombianos hallados sin vida en la entidad mexiquense, hecho que motiv\u00f3 una condena por parte del presidente colombiano Gustavo Petro.<\/p>\n<p>Los m\u00fasicos Bayron S\u00e1nchez Salazar conocido como\u00a0<i>B-King<\/i>, y el DJ Jorge Luis Herrera Lemos, conocido como\u00a0<i>Regio Clow<\/i>n, fueron reportados como desaparecidos en M\u00e9xico desde el pasado 16 de septiembre. Sin embargo, este lunes la fiscal\u00eda capitalina inform\u00f3 que, tras pruebas periciales, se confirm\u00f3 que ambos fueron localizados sin vida desde el 17 de septiembre en el municipio de Cocotitl\u00e1n, Estado de M\u00e9xico.<\/p>\n<p>\u201cPor instrucciones de la Presidenta @Claudiashein, @Defensamx1, @SEMAR_mx, @FGRMexico, @GN_MEXICO_ y @SSPCMexico trabajan en coordinaci\u00f3n con la @FiscaliaCDMX y la @FiscaliaEdomex en el desarrollo de las investigaciones relacionadas con la desaparici\u00f3n de los m\u00fasicos colombianos Jorge Luis Herrera y Byron S\u00e1nchez, quienes lamentablemente fueron hallados sin vida en el Estado de M\u00e9xico\u201d, inform\u00f3 el Gabinete de Seguridad, en su cuenta oficial de X.<\/p>\n<p>Por su parte, el presidente de Colombia, Gustavo Petro, conden\u00f3 en la misma red social el asesinato de los j\u00f3venes y critic\u00f3 la pol\u00edtica antidrogas, se\u00f1alando que ha fortalecido a la mafia internacional y provocado m\u00e1s violencia contra la juventud en Am\u00e9rica Latina.<\/p>\n<p>&nbsp;<\/p>\n","protected":false},"excerpt":{"rendered":"<p>El gabinete de seguridad del Gobierno de M\u00e9xico inform\u00f3 este lunes que, por instrucciones de la presidenta Claudia Sheinbaum Pardo,<\/p>\n","protected":false},"author":4,"featured_media":71371,"comment_status":"closed","ping_status":"closed","sticky":false,"template":"","format":"standard","meta":{"colormag_page_container_layout":"default_layout","colormag_page_sidebar_layout":"default_layout","_jetpack_memberships_contains_paid_content":false,"footnotes":"","jetpack_publicize_message":"","jetpack_publicize_feature_enabled":true,"jetpack_social_post_already_shared":true,"jetpack_social_options":{"image_generator_settings":{"template":"highway","default_image_id":0,"font":"","enabled":false},"version":2}},"categories":[33],"tags":[],"class_list":["post-71370","post","type-post","status-publish","format-standard","has-post-thumbnail","hentry","category-nacional"],"jetpack_publicize_connections":[],"jetpack_featured_media_url":"https:\/\/i0.wp.com\/politicosaldesnudo.com.mx\/wp-content\/uploads\/2025\/09\/2025-09-22_conferencia_de_prensa_conjunta_con_el_primer_ministro_de_Canada_02_JCB.jpg?fit=1500%2C1000&ssl=1","jetpack-related-posts":[],"jetpack_sharing_enabled":true,"_links":{"self":[{"href":"https:\/\/politicosaldesnudo.com.mx\/index.php\/wp-json\/wp\/v2\/posts\/71370","targetHints":{"allow":["GET"]}}],"collection":[{"href":"https:\/\/politicosaldesnudo.com.mx\/index.php\/wp-json\/wp\/v2\/posts"}],"about":[{"href":"https:\/\/politicosaldesnudo.com.mx\/index.php\/wp-json\/wp\/v2\/types\/post"}],"author":[{"embeddable":true,"href":"https:\/\/politicosaldesnudo.com.mx\/index.php\/wp-json\/wp\/v2\/users\/4"}],"replies":[{"embeddable":true,"href":"https:\/\/politicosaldesnudo.com.mx\/index.php\/wp-json\/wp\/v2\/comments?post=71370"}],"version-history":[{"count":0,"href":"https:\/\/politicosaldesnudo.com.mx\/index.php\/wp-json\/wp\/v2\/posts\/71370\/revisions"}],"wp:featuredmedia":[{"embeddable":true,"href":"https:\/\/politicosaldesnudo.com.mx\/index.php\/wp-json\/wp\/v2\/media\/71371"}],"wp:attachment":[{"href":"https:\/\/politicosaldesnudo.com.mx\/index.php\/wp-json\/wp\/v2\/media?parent=71370"}],"wp:term":[{"taxonomy":"category","embeddable":true,"href":"https:\/\/politicosaldesnudo.com.mx\/index.php\/wp-json\/wp\/v2\/categories?post=71370"},{"taxonomy":"post_tag","embeddable":true,"href":"https:\/\/politicosaldesnudo.com.mx\/index.php\/wp-json\/wp\/v2\/tags?post=71370"}],"curies":[{"name":"wp","href":"https:\/\/api.w.org\/{rel}","templated":true}]}}