{"id":71417,"date":"2025-09-24T00:01:57","date_gmt":"2025-09-24T06:01:57","guid":{"rendered":"https:\/\/politicosaldesnudo.com.mx\/?p=71417"},"modified":"2025-09-23T21:46:33","modified_gmt":"2025-09-24T03:46:33","slug":"tuxpan-no-tiene-juez-laboral","status":"publish","type":"post","link":"https:\/\/politicosaldesnudo.com.mx\/index.php\/2025\/09\/24\/tuxpan-no-tiene-juez-laboral\/","title":{"rendered":"Tuxpan no tiene Juez Laboral"},"content":{"rendered":"<p>El municipio de Tuxpan se encuentra sin Juez Laboral, una situaci\u00f3n que ha generado indignaci\u00f3n entre los abogados locales. La jueza que hab\u00eda sido asignada para ocupar el cargo, cuya elecci\u00f3n se hab\u00eda concretado apenas el 1 de junio pasado, habr\u00eda renunciado a su puesto en el Poder Judicial, alegando que \u00abhace mucho calor\u00bb en la regi\u00f3n, seg\u00fan informaron fuentes cercanas a los litigantes tuxpe\u00f1os.<\/p>\n<p>La repentina decisi\u00f3n de la jueza ha dejado un vac\u00edo en la administraci\u00f3n de justicia laboral en la zona, afectando directamente a los procesos judiciales y a los ciudadanos que requieren de estos servicios.<\/p>\n<p>Los abogados de Tuxpan, quienes esperaban la pronta instalaci\u00f3n de la togada para dar celeridad a los casos, se han visto frustrados ante lo que consideran una falta de compromiso y seriedad por parte de la funcionaria electa.<\/p>\n<p>La renuncia, presuntamente motivada por razones clim\u00e1ticas, ha sido calificada como un pretexto insostenible por los profesionistas del derecho, quienes se\u00f1alan que la falta de un titular en el Juzgado Laboral genera retrasos y complicaciones en la resoluci\u00f3n de conflictos entre trabajadores y empleadores. La situaci\u00f3n pone de manifiesto la necesidad urgente de que el Poder Judicial designe a un nuevo Juez que est\u00e9 dispuesto a asumir la responsabilidad en esta importante demarcaci\u00f3n.<\/p>\n<p>Ante este panorama, el gremio de abogados de Tuxpan ha hecho un llamado a las autoridades judiciales correspondientes para que tomen cartas en el asunto y designen a la brevedad a un Juez Laboral, con la finalidad de garantizar el acceso a una justicia pronta y expedita, sin que factores como el clima se conviertan en un obst\u00e1culo para el cumplimiento de las funciones p\u00fablicas.<\/p>\n","protected":false},"excerpt":{"rendered":"<p>El municipio de Tuxpan se encuentra sin Juez Laboral, una situaci\u00f3n que ha generado indignaci\u00f3n entre los abogados locales. La<\/p>\n","protected":false},"author":4,"featured_media":71418,"comment_status":"closed","ping_status":"closed","sticky":false,"template":"","format":"standard","meta":{"colormag_page_container_layout":"default_layout","colormag_page_sidebar_layout":"default_layout","_jetpack_memberships_contains_paid_content":false,"footnotes":"","jetpack_publicize_message":"","jetpack_publicize_feature_enabled":true,"jetpack_social_post_already_shared":true,"jetpack_social_options":{"image_generator_settings":{"template":"highway","default_image_id":0,"font":"","enabled":false},"version":2}},"categories":[1082],"tags":[],"class_list":["post-71417","post","type-post","status-publish","format-standard","has-post-thumbnail","hentry","category-tuxpan"],"jetpack_publicize_connections":[],"jetpack_featured_media_url":"https:\/\/i0.wp.com\/politicosaldesnudo.com.mx\/wp-content\/uploads\/2025\/09\/WhatsApp-Image-2025-09-23-at-17.39.54.jpg?fit=1280%2C960&ssl=1","jetpack-related-posts":[],"jetpack_sharing_enabled":true,"_links":{"self":[{"href":"https:\/\/politicosaldesnudo.com.mx\/index.php\/wp-json\/wp\/v2\/posts\/71417","targetHints":{"allow":["GET"]}}],"collection":[{"href":"https:\/\/politicosaldesnudo.com.mx\/index.php\/wp-json\/wp\/v2\/posts"}],"about":[{"href":"https:\/\/politicosaldesnudo.com.mx\/index.php\/wp-json\/wp\/v2\/types\/post"}],"author":[{"embeddable":true,"href":"https:\/\/politicosaldesnudo.com.mx\/index.php\/wp-json\/wp\/v2\/users\/4"}],"replies":[{"embeddable":true,"href":"https:\/\/politicosaldesnudo.com.mx\/index.php\/wp-json\/wp\/v2\/comments?post=71417"}],"version-history":[{"count":0,"href":"https:\/\/politicosaldesnudo.com.mx\/index.php\/wp-json\/wp\/v2\/posts\/71417\/revisions"}],"wp:featuredmedia":[{"embeddable":true,"href":"https:\/\/politicosaldesnudo.com.mx\/index.php\/wp-json\/wp\/v2\/media\/71418"}],"wp:attachment":[{"href":"https:\/\/politicosaldesnudo.com.mx\/index.php\/wp-json\/wp\/v2\/media?parent=71417"}],"wp:term":[{"taxonomy":"category","embeddable":true,"href":"https:\/\/politicosaldesnudo.com.mx\/index.php\/wp-json\/wp\/v2\/categories?post=71417"},{"taxonomy":"post_tag","embeddable":true,"href":"https:\/\/politicosaldesnudo.com.mx\/index.php\/wp-json\/wp\/v2\/tags?post=71417"}],"curies":[{"name":"wp","href":"https:\/\/api.w.org\/{rel}","templated":true}]}}