{"id":71420,"date":"2025-09-24T00:02:19","date_gmt":"2025-09-24T06:02:19","guid":{"rendered":"https:\/\/politicosaldesnudo.com.mx\/?p=71420"},"modified":"2025-09-23T21:54:51","modified_gmt":"2025-09-24T03:54:51","slug":"fundacion-chato-lopez-realiza-cirugias-de-la-vista-a-bajo-costo","status":"publish","type":"post","link":"https:\/\/politicosaldesnudo.com.mx\/index.php\/2025\/09\/24\/fundacion-chato-lopez-realiza-cirugias-de-la-vista-a-bajo-costo\/","title":{"rendered":"Fundaci\u00f3n \u00abChato L\u00f3pez\u00bb Realiza Cirug\u00edas de la Vista a Bajo Costo"},"content":{"rendered":"<p>La Fundaci\u00f3n \u00abChato L\u00f3pez\u00bb anunci\u00f3 una jornada de cirug\u00edas de la vista a bajo costo, beneficiando a pacientes de los municipios de Veracruz y Tuxpan. Esta iniciativa busca dar atenci\u00f3n a personas que padecen de cataratas, retina y carnosidad, padecimientos que suelen ser costosos de tratar. Para ser elegibles, los pacientes debieron haber pasado por una valoraci\u00f3n previa, asegurando que las intervenciones sean adecuadas y seguras.<\/p>\n<p>La jornada es una gran oportunidad para la poblaci\u00f3n con recursos limitados, ya que el costo de estas operaciones puede ser un obst\u00e1culo insalvable. La Fundaci\u00f3n ha enfocado sus esfuerzos en zonas donde el acceso a la atenci\u00f3n m\u00e9dica especializada es escaso. De esta manera, se busca reducir la ceguera evitable y mejorar la calidad de vida de los habitantes de la regi\u00f3n.<\/p>\n<p>El programa de salud visual de la Fundaci\u00f3n \u00abChato L\u00f3pez\u00bb no solo se limita a las cirug\u00edas, sino que tambi\u00e9n ha realizado campa\u00f1as de concientizaci\u00f3n sobre la importancia del cuidado de los ojos. Este tipo de acciones son esenciales para la prevenci\u00f3n y detecci\u00f3n temprana de enfermedades visuales.<\/p>\n<p>La colaboraci\u00f3n entre la fundaci\u00f3n y las autoridades locales ha sido fundamental para el \u00e9xito de esta iniciativa, que se espera beneficie a un gran n\u00famero de personas. Con estas cirug\u00edas, se espera que los pacientes recuperen su visi\u00f3n, lo que les permitir\u00e1 reintegrarse a sus actividades diarias y mejorar su independencia.<\/p>\n","protected":false},"excerpt":{"rendered":"<p>La Fundaci\u00f3n \u00abChato L\u00f3pez\u00bb anunci\u00f3 una jornada de cirug\u00edas de la vista a bajo costo, beneficiando a pacientes de los<\/p>\n","protected":false},"author":4,"featured_media":71421,"comment_status":"closed","ping_status":"closed","sticky":false,"template":"","format":"standard","meta":{"colormag_page_container_layout":"default_layout","colormag_page_sidebar_layout":"default_layout","_jetpack_memberships_contains_paid_content":false,"footnotes":"","jetpack_publicize_message":"","jetpack_publicize_feature_enabled":true,"jetpack_social_post_already_shared":true,"jetpack_social_options":{"image_generator_settings":{"template":"highway","default_image_id":0,"font":"","enabled":false},"version":2}},"categories":[1082],"tags":[],"class_list":["post-71420","post","type-post","status-publish","format-standard","has-post-thumbnail","hentry","category-tuxpan"],"jetpack_publicize_connections":[],"jetpack_featured_media_url":"https:\/\/i0.wp.com\/politicosaldesnudo.com.mx\/wp-content\/uploads\/2025\/09\/WhatsApp-Image-2025-09-23-at-18.08.30-1.jpg?fit=1280%2C960&ssl=1","jetpack-related-posts":[],"jetpack_sharing_enabled":true,"_links":{"self":[{"href":"https:\/\/politicosaldesnudo.com.mx\/index.php\/wp-json\/wp\/v2\/posts\/71420","targetHints":{"allow":["GET"]}}],"collection":[{"href":"https:\/\/politicosaldesnudo.com.mx\/index.php\/wp-json\/wp\/v2\/posts"}],"about":[{"href":"https:\/\/politicosaldesnudo.com.mx\/index.php\/wp-json\/wp\/v2\/types\/post"}],"author":[{"embeddable":true,"href":"https:\/\/politicosaldesnudo.com.mx\/index.php\/wp-json\/wp\/v2\/users\/4"}],"replies":[{"embeddable":true,"href":"https:\/\/politicosaldesnudo.com.mx\/index.php\/wp-json\/wp\/v2\/comments?post=71420"}],"version-history":[{"count":0,"href":"https:\/\/politicosaldesnudo.com.mx\/index.php\/wp-json\/wp\/v2\/posts\/71420\/revisions"}],"wp:featuredmedia":[{"embeddable":true,"href":"https:\/\/politicosaldesnudo.com.mx\/index.php\/wp-json\/wp\/v2\/media\/71421"}],"wp:attachment":[{"href":"https:\/\/politicosaldesnudo.com.mx\/index.php\/wp-json\/wp\/v2\/media?parent=71420"}],"wp:term":[{"taxonomy":"category","embeddable":true,"href":"https:\/\/politicosaldesnudo.com.mx\/index.php\/wp-json\/wp\/v2\/categories?post=71420"},{"taxonomy":"post_tag","embeddable":true,"href":"https:\/\/politicosaldesnudo.com.mx\/index.php\/wp-json\/wp\/v2\/tags?post=71420"}],"curies":[{"name":"wp","href":"https:\/\/api.w.org\/{rel}","templated":true}]}}