{"id":71459,"date":"2025-09-24T00:15:23","date_gmt":"2025-09-24T06:15:23","guid":{"rendered":"https:\/\/politicosaldesnudo.com.mx\/?p=71459"},"modified":"2025-09-23T22:33:47","modified_gmt":"2025-09-24T04:33:47","slug":"continuan-protestas-en-acapulco-en-rechazo-al-marinabus-de-la-semar","status":"publish","type":"post","link":"https:\/\/politicosaldesnudo.com.mx\/index.php\/2025\/09\/24\/continuan-protestas-en-acapulco-en-rechazo-al-marinabus-de-la-semar\/","title":{"rendered":"Contin\u00faan protestas en Acapulco en rechazo al Marinab\u00fas de la Semar"},"content":{"rendered":"<p>Por tercer martes durante el mes de septiembre, integrantes del Frente de Defensa de la Zona Federal Mar\u00edtimo Terrestre se manifestaron en contra del nuevo sistema de transporte mar\u00edtimo p\u00fablico Marinab\u00fas, el cual ser\u00e1 operado por la Secretar\u00eda de Marina, pero que a un mes de ser inaugurado todav\u00eda no ofrece recorridos al p\u00fablico.<\/p>\n<p>Prestadores de servicios de diversas playas de Acapulco arribaron al Jard\u00edn del Puerto, en el malec\u00f3n, poco despu\u00e9s de las 8 de la ma\u00f1ana, donde nuevamente suspendieron las obras de remodelaci\u00f3n que se llevan a cabo en el lugar.<\/p>\n<p>Los trabajadores de la obra permanecieron afuera del recinto, mientras los manifestantes colocaron pancartas con mensajes de protesta contra el proyecto que aseguran, les afectar\u00e1 debido a que representa una competencia desleal.<\/p>\n<p>Asimismo, los inconformes ingresaron a lo que es el Jard\u00edn del Puerto, donde ocuparon sus \u00e1reas comunes, incluyendo la taquilla del Marinab\u00fas y las instalaciones de una never\u00eda que ya opera en el lugar.<\/p>\n<p>Oradores de la movilizaci\u00f3n manifestaron que \u00abcontinuamos en la lucha pero hay una raz\u00f3n justa\u00bb, y recriminaron que \u00abel barquito, el catamar\u00e1n, el marinab\u00fas, representa una competencia desleal hacia nuestros compa\u00f1eros prestadores de servicios tur\u00edsticos\u00bb.<\/p>\n<p>En el lugar, organizadores de la protesta distribuyeron agua y comida a los manifestantes, adem\u00e1s de pasar lista de asistencia.<\/p>\n<p>El pasado 23 de agosto, la presidenta de la Rep\u00fablica, Claudia Sheinbaum Pardo, encabez\u00f3 en este puerto el abanderamiento del buque Marinab\u00fas Acapulco 1, en ceremonia realizada en el muelle de la Administradora del Sistema Portuario Nacional.<\/p>\n<p>El proyecto inicial contempla recorridos entre el malec\u00f3n del centro de Acapulco y la bah\u00eda de Puerto Marqu\u00e9s, pero hasta el momento no ha sido abierto al p\u00fablico.<\/p>\n<p>Autoridades aseguraron que se trata de un innovador modelo de transporte p\u00fablico mar\u00edtimo, dise\u00f1ado para mejorar la movilidad urbana y tur\u00edstica de la bah\u00eda de Acapulco, que surge como respuesta a los problemas de tr\u00e1fico y movilidad de la zona, a trav\u00e9s de un servicio eficiente, ecol\u00f3gico, moderno, c\u00f3modo y sustentable, reflejo de innovaci\u00f3n y compromiso social, con la intenci\u00f3n de fortalecer la identidad tur\u00edstica de Acapulco.<\/p>\n","protected":false},"excerpt":{"rendered":"<p>Por tercer martes durante el mes de septiembre, integrantes del Frente de Defensa de la Zona Federal Mar\u00edtimo Terrestre se<\/p>\n","protected":false},"author":4,"featured_media":71460,"comment_status":"closed","ping_status":"closed","sticky":false,"template":"","format":"standard","meta":{"colormag_page_container_layout":"default_layout","colormag_page_sidebar_layout":"default_layout","_jetpack_memberships_contains_paid_content":false,"footnotes":"","jetpack_publicize_message":"","jetpack_publicize_feature_enabled":true,"jetpack_social_post_already_shared":true,"jetpack_social_options":{"image_generator_settings":{"template":"highway","default_image_id":0,"font":"","enabled":false},"version":2}},"categories":[30],"tags":[],"class_list":["post-71459","post","type-post","status-publish","format-standard","has-post-thumbnail","hentry","category-estados"],"jetpack_publicize_connections":[],"jetpack_featured_media_url":"https:\/\/i0.wp.com\/politicosaldesnudo.com.mx\/wp-content\/uploads\/2025\/09\/Marina-Bus-Acapulco.jpg?fit=618%2C338&ssl=1","jetpack-related-posts":[],"jetpack_sharing_enabled":true,"_links":{"self":[{"href":"https:\/\/politicosaldesnudo.com.mx\/index.php\/wp-json\/wp\/v2\/posts\/71459","targetHints":{"allow":["GET"]}}],"collection":[{"href":"https:\/\/politicosaldesnudo.com.mx\/index.php\/wp-json\/wp\/v2\/posts"}],"about":[{"href":"https:\/\/politicosaldesnudo.com.mx\/index.php\/wp-json\/wp\/v2\/types\/post"}],"author":[{"embeddable":true,"href":"https:\/\/politicosaldesnudo.com.mx\/index.php\/wp-json\/wp\/v2\/users\/4"}],"replies":[{"embeddable":true,"href":"https:\/\/politicosaldesnudo.com.mx\/index.php\/wp-json\/wp\/v2\/comments?post=71459"}],"version-history":[{"count":0,"href":"https:\/\/politicosaldesnudo.com.mx\/index.php\/wp-json\/wp\/v2\/posts\/71459\/revisions"}],"wp:featuredmedia":[{"embeddable":true,"href":"https:\/\/politicosaldesnudo.com.mx\/index.php\/wp-json\/wp\/v2\/media\/71460"}],"wp:attachment":[{"href":"https:\/\/politicosaldesnudo.com.mx\/index.php\/wp-json\/wp\/v2\/media?parent=71459"}],"wp:term":[{"taxonomy":"category","embeddable":true,"href":"https:\/\/politicosaldesnudo.com.mx\/index.php\/wp-json\/wp\/v2\/categories?post=71459"},{"taxonomy":"post_tag","embeddable":true,"href":"https:\/\/politicosaldesnudo.com.mx\/index.php\/wp-json\/wp\/v2\/tags?post=71459"}],"curies":[{"name":"wp","href":"https:\/\/api.w.org\/{rel}","templated":true}]}}