{"id":71495,"date":"2025-09-24T20:26:13","date_gmt":"2025-09-25T02:26:13","guid":{"rendered":"https:\/\/politicosaldesnudo.com.mx\/?p=71495"},"modified":"2025-09-24T20:26:13","modified_gmt":"2025-09-25T02:26:13","slug":"gobierno-de-tuxpan-invita-a-jardines-de-ninos-a-participar-en-el-desfile-de-las-naciones-unidas","status":"publish","type":"post","link":"https:\/\/politicosaldesnudo.com.mx\/index.php\/2025\/09\/24\/gobierno-de-tuxpan-invita-a-jardines-de-ninos-a-participar-en-el-desfile-de-las-naciones-unidas\/","title":{"rendered":"Gobierno de Tuxpan invita a jardines de ni\u00f1os a participar en el Desfile de las Naciones Unidas"},"content":{"rendered":"<p>Tuxpan, Ver., 24 de septiembre 2025. \u2013 El H. Ayuntamiento de Tuxpan, a trav\u00e9s de la Direcci\u00f3n de Educaci\u00f3n, invita a instituciones educativas de nivel preescolar federales, estatales y particulares, para que participen en el Desfile de las Naciones Unidas que se realizar\u00e1 el viernes 24 de octubre de 2025.<\/p>\n<p><img data-recalc-dims=\"1\" loading=\"lazy\" decoding=\"async\" class=\"aligncenter size-large wp-image-71496\" src=\"https:\/\/i0.wp.com\/politicosaldesnudo.com.mx\/wp-content\/uploads\/2025\/09\/WhatsApp-Image-2025-09-24-at-16.58.01-650x1024.jpeg?resize=650%2C1024&#038;ssl=1\" alt=\"\" width=\"650\" height=\"1024\" srcset=\"https:\/\/i0.wp.com\/politicosaldesnudo.com.mx\/wp-content\/uploads\/2025\/09\/WhatsApp-Image-2025-09-24-at-16.58.01.jpeg?resize=650%2C1024&amp;ssl=1 650w, https:\/\/i0.wp.com\/politicosaldesnudo.com.mx\/wp-content\/uploads\/2025\/09\/WhatsApp-Image-2025-09-24-at-16.58.01.jpeg?resize=190%2C300&amp;ssl=1 190w, https:\/\/i0.wp.com\/politicosaldesnudo.com.mx\/wp-content\/uploads\/2025\/09\/WhatsApp-Image-2025-09-24-at-16.58.01.jpeg?resize=768%2C1211&amp;ssl=1 768w, https:\/\/i0.wp.com\/politicosaldesnudo.com.mx\/wp-content\/uploads\/2025\/09\/WhatsApp-Image-2025-09-24-at-16.58.01.jpeg?resize=974%2C1536&amp;ssl=1 974w, https:\/\/i0.wp.com\/politicosaldesnudo.com.mx\/wp-content\/uploads\/2025\/09\/WhatsApp-Image-2025-09-24-at-16.58.01.jpeg?w=1015&amp;ssl=1 1015w\" sizes=\"auto, (max-width: 650px) 100vw, 650px\" \/><\/p>\n<p>El recorrido iniciar\u00e1 a las 9:00 de la ma\u00f1ana en la calle Benito Ju\u00e1rez esquina con Venustiano Carranza (frente al Jard\u00edn de Ni\u00f1os Francisca Cano), y terminar\u00e1 en la calle Morelos (Plaza C\u00edvica Municipal)<\/p>\n<p>Las inscripciones est\u00e1n abiertas en la Direcci\u00f3n de Educaci\u00f3n, ubicada en la calle Adolfo Ruiz Cortines esquina Moctezuma, colonia Del Valle; de lunes a viernes de 9:00 a 15:00 horas; teniendo como fecha l\u00edmite el viernes 17 de octubre.<\/p>\n<p>Para registrarse cada zona escolar deber\u00e1 entregar una lista con el orden de participaci\u00f3n de cada uno de los jardines, anexando las fichas informativas de cada instituci\u00f3n educativa con los siguientes datos:<\/p>\n<p>Nombre del Jard\u00edn, nombre del director o directora, zona escolar, cantidad de alumnos y docentes participantes, una rese\u00f1a corta del jard\u00edn que incluya su fecha de fundaci\u00f3n y logros obtenidos.<\/p>\n<p>LAS BASES PARA LOS JARDINES PARTICIPANTES SON LAS SIGUIENTES:<\/p>\n<p>VESTUARIO: A consideraci\u00f3n de los docentes y padres de familia de cada jard\u00edn, o podr\u00e1n utilizar el uniforme de educaci\u00f3n f\u00edsica.<\/p>\n<p>BANDERA: Los alumnos deber\u00e1n portar una bandera, la cual depender\u00e1 de la creatividad de cada escuela.<\/p>\n<p>M\u00daSICA: Podr\u00e1n llevar m\u00fasica, siempre y cuando sea una bocina transportada en moto, triciclo o a pie.<\/p>\n<p>VEH\u00cdCULOS: En caso de llevar veh\u00edculos o carros aleg\u00f3ricos deber\u00e1n formarse al final de los contingentes, para evitar accidentes.<\/p>\n<p>LUGAR: El lugar que ocupar\u00e1 cada zona en el desfile ser\u00e1 designado mediante sorteo. Y el orden de cada instituci\u00f3n, conforme a su zona escolar, lo determinar\u00e1n el supervisor o supervisora, en acuerdo con los directivos.<\/p>\n<p>Los contingentes se concentrar\u00e1n en las calles Hern\u00e1ndez y Hern\u00e1ndez, Z\u00f3zimo P\u00e9rez y Heroica Veracruz; mientras que los veh\u00edculos con sonido o carros aleg\u00f3ricos se ubicar\u00e1n en la calle Revoluci\u00f3n, bas\u00e1ndose en un croquis que brindar\u00e1 la Direcci\u00f3n de Educaci\u00f3n.<\/p>\n","protected":false},"excerpt":{"rendered":"<p>Tuxpan, Ver., 24 de septiembre 2025. \u2013 El H. Ayuntamiento de Tuxpan, a trav\u00e9s de la Direcci\u00f3n de Educaci\u00f3n, invita<\/p>\n","protected":false},"author":4,"featured_media":71497,"comment_status":"closed","ping_status":"closed","sticky":false,"template":"","format":"standard","meta":{"colormag_page_container_layout":"default_layout","colormag_page_sidebar_layout":"default_layout","_jetpack_memberships_contains_paid_content":false,"footnotes":"","jetpack_publicize_message":"","jetpack_publicize_feature_enabled":true,"jetpack_social_post_already_shared":true,"jetpack_social_options":{"image_generator_settings":{"template":"highway","default_image_id":0,"font":"","enabled":false},"version":2}},"categories":[3205,1082],"tags":[],"class_list":["post-71495","post","type-post","status-publish","format-standard","has-post-thumbnail","hentry","category-gobierno-tuxpan","category-tuxpan"],"jetpack_publicize_connections":[],"jetpack_featured_media_url":"https:\/\/i0.wp.com\/politicosaldesnudo.com.mx\/wp-content\/uploads\/2025\/09\/IMADST.jpg?fit=927%2C517&ssl=1","jetpack-related-posts":[],"jetpack_sharing_enabled":true,"_links":{"self":[{"href":"https:\/\/politicosaldesnudo.com.mx\/index.php\/wp-json\/wp\/v2\/posts\/71495","targetHints":{"allow":["GET"]}}],"collection":[{"href":"https:\/\/politicosaldesnudo.com.mx\/index.php\/wp-json\/wp\/v2\/posts"}],"about":[{"href":"https:\/\/politicosaldesnudo.com.mx\/index.php\/wp-json\/wp\/v2\/types\/post"}],"author":[{"embeddable":true,"href":"https:\/\/politicosaldesnudo.com.mx\/index.php\/wp-json\/wp\/v2\/users\/4"}],"replies":[{"embeddable":true,"href":"https:\/\/politicosaldesnudo.com.mx\/index.php\/wp-json\/wp\/v2\/comments?post=71495"}],"version-history":[{"count":0,"href":"https:\/\/politicosaldesnudo.com.mx\/index.php\/wp-json\/wp\/v2\/posts\/71495\/revisions"}],"wp:featuredmedia":[{"embeddable":true,"href":"https:\/\/politicosaldesnudo.com.mx\/index.php\/wp-json\/wp\/v2\/media\/71497"}],"wp:attachment":[{"href":"https:\/\/politicosaldesnudo.com.mx\/index.php\/wp-json\/wp\/v2\/media?parent=71495"}],"wp:term":[{"taxonomy":"category","embeddable":true,"href":"https:\/\/politicosaldesnudo.com.mx\/index.php\/wp-json\/wp\/v2\/categories?post=71495"},{"taxonomy":"post_tag","embeddable":true,"href":"https:\/\/politicosaldesnudo.com.mx\/index.php\/wp-json\/wp\/v2\/tags?post=71495"}],"curies":[{"name":"wp","href":"https:\/\/api.w.org\/{rel}","templated":true}]}}