{"id":71516,"date":"2025-09-25T00:05:21","date_gmt":"2025-09-25T06:05:21","guid":{"rendered":"https:\/\/politicosaldesnudo.com.mx\/?p=71516"},"modified":"2025-09-24T21:27:41","modified_gmt":"2025-09-25T03:27:41","slug":"realizaran-en-senado-audiencias-publicas-sobre-reforma-en-materia-de-amparo","status":"publish","type":"post","link":"https:\/\/politicosaldesnudo.com.mx\/index.php\/2025\/09\/25\/realizaran-en-senado-audiencias-publicas-sobre-reforma-en-materia-de-amparo\/","title":{"rendered":"Realizar\u00e1n en Senado audiencias p\u00fablicas sobre reforma en materia de amparo"},"content":{"rendered":"<p class=\"nota-justify\">En el Senado, habr\u00e1 audiencias p\u00fablicas sobre la reforma en materia de amparo, con el fin de escuchar a especialistas y representantes de organizaciones sociales.<\/p>\n<p class=\"nota-justify\">El pleno de esta c\u00e1mara aprob\u00f3 la realizaci\u00f3n de esos foros de debate, que se efectuar\u00e1n los pr\u00f3ximos d\u00edas 29 y 30. Con ello, el coordinador de Morena, Ad\u00e1n Augusto L\u00f3pez Hern\u00e1ndez, tuvo que dar marcha atr\u00e1s a la decisi\u00f3n de aprobar esa reforma en los primeros d\u00edas de la pr\u00f3xima semana.<\/p>\n<p class=\"nota-justify\">Frente al anuncio de las audiencias, el Partido Acci\u00f3n Nacional (PAN) dijo que participar\u00e1 en el ejercicio y Movimiento Ciudadano (MC) tambi\u00e9n se\u00f1al\u00f3 que estar\u00e1 presente, aunque organizar\u00e1 un foro paralelo el lunes venidero, para conocer el sentir de la ciudadan\u00eda.<\/p>\n<p class=\"nota-justify\">L\u00f3pez Hern\u00e1ndez acept\u00f3 que se reconsider\u00f3 la idea original de no hacer ning\u00fan tipo de auscultaci\u00f3n sobre la iniciativa presidencial y luego, a la pregunta de si habr\u00e1 ajustes al documento, respondi\u00f3 que las propuestas son perfectibles, pero \u201chabr\u00eda que ver\u201d.<\/p>\n<p class=\"nota-justify\">\u201cDesde mi punto de vista, creo que no se requiere ninguna modificaci\u00f3n de fondo ni de forma, pero hay que escuchar las opiniones y hay que esperar la decisi\u00f3n de quienes integran las comisiones\u201d, subray\u00f3.<\/p>\n<p class=\"nota-justify\">El acuerdo para efectuar los foros, se\u00f1ala que las audiencias p\u00fablicas son espacios propicios para la libre expresi\u00f3n de las ideas, el debate y la construcci\u00f3n de consensos entre los distintos sectores de la poblaci\u00f3n que coadyuvan en el quehacer legislativo.<\/p>\n<p class=\"nota-justify\">Asimismo, se destaca que este mecanismo permite no s\u00f3lo reducir la polarizaci\u00f3n en torno a la iniciativa, sino genera un marco jur\u00eddico m\u00e1s equilibrado y robusto, ya que el intercambio de ideas sustentado en argumentos jur\u00eddicos y experiencias pr\u00e1cticas, asegura que los ajustes al juicio de amparo respondan tanto a las exigencias de gobernabilidad como a la defensa irrestricta de los derechos humanos, evitando que una visi\u00f3n prevalezca en detrimento de otra.<\/p>\n<p class=\"nota-justify\">Ricardo Anaya, coordinador del PAN en el Senado, dio la bienvenida a las audiencias, aunque advirti\u00f3 que existe el riesgo de que terminen en una simulaci\u00f3n y Morena imponga su mayor\u00eda.<\/p>\n<p class=\"nota-justify\">Clemente Casta\u00f1eda, coordinador de MC, consider\u00f3 importante que se haga una gran discusi\u00f3n, para que se corrija la reforma. Por lo dem\u00e1s, dijo que su partido realizar\u00e1 un parlamento abierto paralelo el lunes venidero.<\/p>\n<p class=\"nota-justify\">El PRI inform\u00f3 que no participar\u00e1 en las audiencias p\u00fablicas, porque \u201cson una simulaci\u00f3n; hechas al vapor y sin voluntad real de escuchar a la sociedad\u201d.<\/p>\n<p class=\"nota-justify\">La convocatoria es expr\u00e9s, improvisada y sobre las rodillas, dise\u00f1ada para aparentar apertura sin garantizar un debate serio ni la inclusi\u00f3n de voces cr\u00edticas. Se trata de un montaje, no de un ejercicio democr\u00e1tico, abund\u00f3.<\/p>\n","protected":false},"excerpt":{"rendered":"<p>En el Senado, habr\u00e1 audiencias p\u00fablicas sobre la reforma en materia de amparo, con el fin de escuchar a especialistas<\/p>\n","protected":false},"author":4,"featured_media":71517,"comment_status":"closed","ping_status":"closed","sticky":false,"template":"","format":"standard","meta":{"colormag_page_container_layout":"default_layout","colormag_page_sidebar_layout":"default_layout","_jetpack_memberships_contains_paid_content":false,"footnotes":"","jetpack_publicize_message":"","jetpack_publicize_feature_enabled":true,"jetpack_social_post_already_shared":true,"jetpack_social_options":{"image_generator_settings":{"template":"highway","default_image_id":0,"font":"","enabled":false},"version":2}},"categories":[33],"tags":[],"class_list":["post-71516","post","type-post","status-publish","format-standard","has-post-thumbnail","hentry","category-nacional"],"jetpack_publicize_connections":[],"jetpack_featured_media_url":"https:\/\/i0.wp.com\/politicosaldesnudo.com.mx\/wp-content\/uploads\/2025\/09\/ELSE.jpg?fit=780%2C518&ssl=1","jetpack-related-posts":[],"jetpack_sharing_enabled":true,"_links":{"self":[{"href":"https:\/\/politicosaldesnudo.com.mx\/index.php\/wp-json\/wp\/v2\/posts\/71516","targetHints":{"allow":["GET"]}}],"collection":[{"href":"https:\/\/politicosaldesnudo.com.mx\/index.php\/wp-json\/wp\/v2\/posts"}],"about":[{"href":"https:\/\/politicosaldesnudo.com.mx\/index.php\/wp-json\/wp\/v2\/types\/post"}],"author":[{"embeddable":true,"href":"https:\/\/politicosaldesnudo.com.mx\/index.php\/wp-json\/wp\/v2\/users\/4"}],"replies":[{"embeddable":true,"href":"https:\/\/politicosaldesnudo.com.mx\/index.php\/wp-json\/wp\/v2\/comments?post=71516"}],"version-history":[{"count":0,"href":"https:\/\/politicosaldesnudo.com.mx\/index.php\/wp-json\/wp\/v2\/posts\/71516\/revisions"}],"wp:featuredmedia":[{"embeddable":true,"href":"https:\/\/politicosaldesnudo.com.mx\/index.php\/wp-json\/wp\/v2\/media\/71517"}],"wp:attachment":[{"href":"https:\/\/politicosaldesnudo.com.mx\/index.php\/wp-json\/wp\/v2\/media?parent=71516"}],"wp:term":[{"taxonomy":"category","embeddable":true,"href":"https:\/\/politicosaldesnudo.com.mx\/index.php\/wp-json\/wp\/v2\/categories?post=71516"},{"taxonomy":"post_tag","embeddable":true,"href":"https:\/\/politicosaldesnudo.com.mx\/index.php\/wp-json\/wp\/v2\/tags?post=71516"}],"curies":[{"name":"wp","href":"https:\/\/api.w.org\/{rel}","templated":true}]}}