{"id":71531,"date":"2025-09-25T00:10:53","date_gmt":"2025-09-25T06:10:53","guid":{"rendered":"https:\/\/politicosaldesnudo.com.mx\/?p=71531"},"modified":"2025-09-24T21:39:29","modified_gmt":"2025-09-25T03:39:29","slug":"byd-construira-plantas-de-baterias-en-europa-para-apoyar-alza-de-produccion","status":"publish","type":"post","link":"https:\/\/politicosaldesnudo.com.mx\/index.php\/2025\/09\/25\/byd-construira-plantas-de-baterias-en-europa-para-apoyar-alza-de-produccion\/","title":{"rendered":"BYD construir\u00e1 plantas de bater\u00edas en Europa para apoyar alza de producci\u00f3n"},"content":{"rendered":"<p>El principal fabricante de autom\u00f3viles chino, BYD, tendr\u00e1 que fabricar bater\u00edas en Europa, ya que se espera que su producci\u00f3n de autom\u00f3viles en la regi\u00f3n aumente en los pr\u00f3ximos a\u00f1os, declar\u00f3 el mi\u00e9rcoles el asesor especial del grupo para Europa.<\/p>\n<p>La vicepresidenta ejecutiva de BYD, Stella Li, dijo este mes que su objetivo es fabricar a nivel local todos los veh\u00edculos el\u00e9ctricos que comercializar\u00e1 en Europa en un plazo de tres a\u00f1os, lo que le ayudar\u00e1 a evitar los aranceles europeos, al tiempo que a\u00f1adi\u00f3 que los h\u00edbridos enchufables dominar\u00e1n las ventas europeas del grupo a corto plazo.<\/p>\n<p>El fabricante chino est\u00e1 construyendo una f\u00e1brica en Hungr\u00eda que deber\u00eda empezar a producir a finales de a\u00f1o, mientras que otra en Turqu\u00eda lo har\u00e1 en 2026, con una capacidad total de unos 500 mil veh\u00edculos al a\u00f1o.<\/p>\n<p>A la pregunta de si BYD est\u00e1 considerando la posibilidad de construir otra planta en Europa, su asesor especial Alfredo Altavilla dijo que el grupo tambi\u00e9n necesitar\u00e1 producir bater\u00edas en la regi\u00f3n.<\/p>\n<p>\u201cNo tiene sentido invertir en el ensamblaje de autos (en Europa) pero traer bater\u00edas de China\u201d, dijo durante una conferencia sobre el sector en Mil\u00e1n.<\/p>\n<p>En un principio, el fabricante chino s\u00f3lo vend\u00eda veh\u00edculos el\u00e9ctricos (VE) en Europa, pero ha empezado a ofrecer tambi\u00e9n h\u00edbridos enchufables, que est\u00e1n siendo muy populares entre los consumidores.<\/p>\n<p>Altavilla dijo que BYD debe decidir a\u00fan si da prioridad a una tercera planta de ensamblaje o a una de fabricaci\u00f3n de bater\u00edas, ya que ahora est\u00e1 totalmente centrada en poner en marcha la planta h\u00fangara y llevarla a pleno rendimiento.<\/p>\n<p>\u201cA la hora de elegir una nueva ubicaci\u00f3n entran en juego varios factores (&#8230;) como el costo de la energ\u00eda, que es objetivamente uno de los factores de competitividad m\u00e1s importantes, porque tanto las f\u00e1bricas de ensamblaje como las de bater\u00edas son negocios que consumen mucha energ\u00eda\u201d, se\u00f1al\u00f3.<\/p>\n","protected":false},"excerpt":{"rendered":"<p>El principal fabricante de autom\u00f3viles chino, BYD, tendr\u00e1 que fabricar bater\u00edas en Europa, ya que se espera que su producci\u00f3n<\/p>\n","protected":false},"author":4,"featured_media":71532,"comment_status":"closed","ping_status":"closed","sticky":false,"template":"","format":"standard","meta":{"colormag_page_container_layout":"default_layout","colormag_page_sidebar_layout":"default_layout","_jetpack_memberships_contains_paid_content":false,"footnotes":"","jetpack_publicize_message":"","jetpack_publicize_feature_enabled":true,"jetpack_social_post_already_shared":true,"jetpack_social_options":{"image_generator_settings":{"template":"highway","default_image_id":0,"font":"","enabled":false},"version":2}},"categories":[2050],"tags":[],"class_list":["post-71531","post","type-post","status-publish","format-standard","has-post-thumbnail","hentry","category-economia"],"jetpack_publicize_connections":[],"jetpack_featured_media_url":"https:\/\/i0.wp.com\/politicosaldesnudo.com.mx\/wp-content\/uploads\/2025\/09\/BYDD.jpg?fit=745%2C488&ssl=1","jetpack-related-posts":[],"jetpack_sharing_enabled":true,"_links":{"self":[{"href":"https:\/\/politicosaldesnudo.com.mx\/index.php\/wp-json\/wp\/v2\/posts\/71531","targetHints":{"allow":["GET"]}}],"collection":[{"href":"https:\/\/politicosaldesnudo.com.mx\/index.php\/wp-json\/wp\/v2\/posts"}],"about":[{"href":"https:\/\/politicosaldesnudo.com.mx\/index.php\/wp-json\/wp\/v2\/types\/post"}],"author":[{"embeddable":true,"href":"https:\/\/politicosaldesnudo.com.mx\/index.php\/wp-json\/wp\/v2\/users\/4"}],"replies":[{"embeddable":true,"href":"https:\/\/politicosaldesnudo.com.mx\/index.php\/wp-json\/wp\/v2\/comments?post=71531"}],"version-history":[{"count":0,"href":"https:\/\/politicosaldesnudo.com.mx\/index.php\/wp-json\/wp\/v2\/posts\/71531\/revisions"}],"wp:featuredmedia":[{"embeddable":true,"href":"https:\/\/politicosaldesnudo.com.mx\/index.php\/wp-json\/wp\/v2\/media\/71532"}],"wp:attachment":[{"href":"https:\/\/politicosaldesnudo.com.mx\/index.php\/wp-json\/wp\/v2\/media?parent=71531"}],"wp:term":[{"taxonomy":"category","embeddable":true,"href":"https:\/\/politicosaldesnudo.com.mx\/index.php\/wp-json\/wp\/v2\/categories?post=71531"},{"taxonomy":"post_tag","embeddable":true,"href":"https:\/\/politicosaldesnudo.com.mx\/index.php\/wp-json\/wp\/v2\/tags?post=71531"}],"curies":[{"name":"wp","href":"https:\/\/api.w.org\/{rel}","templated":true}]}}