{"id":71537,"date":"2025-09-25T00:12:15","date_gmt":"2025-09-25T06:12:15","guid":{"rendered":"https:\/\/politicosaldesnudo.com.mx\/?p=71537"},"modified":"2025-09-24T21:43:41","modified_gmt":"2025-09-25T03:43:41","slug":"banamex-sera-un-pilar-para-apoyar-a-mexico-fernando-chico-pardo","status":"publish","type":"post","link":"https:\/\/politicosaldesnudo.com.mx\/index.php\/2025\/09\/25\/banamex-sera-un-pilar-para-apoyar-a-mexico-fernando-chico-pardo\/","title":{"rendered":"Banamex ser\u00e1 un pilar para apoyar a M\u00e9xico: Fernando Chico Pardo"},"content":{"rendered":"<p class=\"nota-justify\">\u201cBanamex, con su talentoso y experimentado equipo, seguir\u00e1 siendo un pilar fundamental para apoyar a M\u00e9xico, las empresas y familias mexicanas\u201d, son las palabras dichas por Fernando Chico Pardo tras darse a conocer que compr\u00f3 una cuarta parte del Banco Nacional de M\u00e9xico.<\/p>\n<p class=\"nota-justify\">\u201cEsta operaci\u00f3n simboliza nuestra vocaci\u00f3n de impulsar proyectos que fortalezcan el desarrollo de M\u00e9xico, con plena confianza en sus oportunidades presentes y futuras, as\u00ed como en el potencial de su gente\u201d, dijo el empresario.<\/p>\n<p class=\"nota-justify\">Esta tarde, Citi y Banamex informaron que\u00a0<a href=\"https:\/\/www.jornada.com.mx\/noticia\/2025\/09\/24\/economia\/fernando-chico-pardo-adquiere-25-de-banamex\" target=\"_blank\" rel=\"noopener noreferrer\" data-saferedirecturl=\"https:\/\/www.google.com\/url?q=https:\/\/www.jornada.com.mx\/noticia\/2025\/09\/24\/economia\/fernando-chico-pardo-adquiere-25-de-banamex&amp;source=gmail&amp;ust=1758835033518000&amp;usg=AOvVaw0BqEKHdYNsR5h1lDgw-YtI\">Chico Pardo adquiri\u00f3 el 25 por ciento de las acciones de la divisi\u00f3n mexicana<\/a>\u00a0que fue puesta en venta por el consorcio financiero estadunidense desde enero de 2022.<\/p>\n<p class=\"nota-justify\">De acuerdo con la informaci\u00f3n, la operaci\u00f3n tiene un valor de 42 mil millones de pesos y forma parte de la etapa final de la venta del banco mexicano, que se realizar\u00e1 en el mercado de valores.<\/p>\n<p class=\"nota-justify\">\u201cEstamos profundamente comprometidos en dar continuidad y renovar los programas sociales y culturales que distinguen a\u00a0<a href=\"https:\/\/www.jornada.com.mx\/noticia\/2025\/06\/02\/economia\/banamex-cumple-141-anos-el-banco-que-sobrevivio-revoluciones-crisis-y-a-citi\" target=\"_blank\" rel=\"noopener noreferrer\" data-saferedirecturl=\"https:\/\/www.google.com\/url?q=https:\/\/www.jornada.com.mx\/noticia\/2025\/06\/02\/economia\/banamex-cumple-141-anos-el-banco-que-sobrevivio-revoluciones-crisis-y-a-citi&amp;source=gmail&amp;ust=1758835033518000&amp;usg=AOvVaw0ATOpXMsR46YmbgphuyvyX\">Banamex<\/a>, y que han abierto a millones de mexicanos el acceso a un patrimonio art\u00edstico. Para nuestra familia, esta es m\u00e1s que una decisi\u00f3n empresarial: es una expresi\u00f3n de confianza en M\u00e9xico y una reafirmaci\u00f3n de nuestro compromiso con su progreso econ\u00f3mico, social y cultural\u201d, agreg\u00f3 el empresario.<\/p>\n<p><strong>Proyecto de futuro<\/strong><\/p>\n<p class=\"nota-justify\"><a href=\"https:\/\/www.jornada.com.mx\/noticia\/2025\/05\/06\/economia\/debemos-preocuparnos-por-hacer-reales-las-oportunidades-del-mediano-y-largo-plazo-banamex\" target=\"_blank\" rel=\"noopener noreferrer\" data-saferedirecturl=\"https:\/\/www.google.com\/url?q=https:\/\/www.jornada.com.mx\/noticia\/2025\/05\/06\/economia\/debemos-preocuparnos-por-hacer-reales-las-oportunidades-del-mediano-y-largo-plazo-banamex&amp;source=gmail&amp;ust=1758835033519000&amp;usg=AOvVaw3-Uxm838EIHpT9d_vqi2WR\">Manuel Romo, director general de Banamex<\/a>, coment\u00f3 que desde el banco existe un entusiasmo por la relaci\u00f3n que inicia entre las tres partes.<\/p>\n<p class=\"nota-justify\">\u201cFernando Chico Pardo conjuga visi\u00f3n estrat\u00e9gica, excelencia operacional y un proyecto de futuro con la excelencia a nuestros clientes al centro y basado en nuestro talento, as\u00ed como un profundo compromiso con M\u00e9xico y una gran confianza en sus perspectivas de crecimiento\u201d, precis\u00f3 el director del banco.<\/p>\n<p class=\"nota-justify\">Banamex, en su comunicado, detall\u00f3 que \u201c<a href=\"https:\/\/www.jornada.com.mx\/noticia\/2025\/01\/15\/economia\/opi-de-banamex-podria-prolongarse-hasta-2026-plantea-citi-group-6282\" target=\"_blank\" rel=\"noopener noreferrer\" data-saferedirecturl=\"https:\/\/www.google.com\/url?q=https:\/\/www.jornada.com.mx\/noticia\/2025\/01\/15\/economia\/opi-de-banamex-podria-prolongarse-hasta-2026-plantea-citi-group-6282&amp;source=gmail&amp;ust=1758835033519000&amp;usg=AOvVaw22oOyEblwhSwnU4j3kuskz\">la operaci\u00f3n<\/a>\u00a0est\u00e1 sujeta a condiciones de cierre habituales, incluyendo la obtenci\u00f3n de autorizaciones regulatorias en M\u00e9xico, y se espera se complete en la segunda mitad de 2026\u201d.<\/p>\n<p class=\"nota-justify\"><strong>L\u00edder respetado, dice Citi<\/strong><\/p>\n<p class=\"nota-justify\">Por su parte,\u00a0<a href=\"https:\/\/www.jornada.com.mx\/noticia\/2025\/04\/07\/economia\/citi-ratifica-confianza-y-compromiso-con-mexico\" target=\"_blank\" rel=\"noopener noreferrer\" data-saferedirecturl=\"https:\/\/www.google.com\/url?q=https:\/\/www.jornada.com.mx\/noticia\/2025\/04\/07\/economia\/citi-ratifica-confianza-y-compromiso-con-mexico&amp;source=gmail&amp;ust=1758835033519000&amp;usg=AOvVaw2IhkkFt_WIgC7iFy0l16OY\">Jane Fraser, la directora general de Citi<\/a>, consider\u00f3 que Chico Pardo \u201ces uno de los l\u00edderes empresariales m\u00e1s respetados en M\u00e9xico\u201d, al mismo tiempo de destacar que la transacci\u00f3n representa \u201cun respaldo rotundo a la fortaleza y potencial de Banamex\u201d.<\/p>\n<p class=\"nota-justify\">\u201cEs tambi\u00e9n un reflejo de la relaci\u00f3n estrat\u00e9gica a largo plazo que estamos construyendo mientras seguimos trabajando para la salida a bolsa planificada y maximizamos el valor de esta ic\u00f3nica instituci\u00f3n para nuestros accionistas\u201d, expuso la directiva del consorcio estadunidense.<\/p>\n<p class=\"nota-justify\">A\u00f1adi\u00f3 que \u201cBanamex ha sido durante mucho tiempo una piedra angular del sistema financiero mexicano y confiamos en que seguir\u00e1 siendo un motor de estabilidad y crecimiento en el futuro\u201d.<\/p>\n<p class=\"nota-justify\">Citi agreg\u00f3 que mantendr\u00e1 e impulsar\u00e1 \u201cel crecimiento de su negocio institucional en M\u00e9xico, al ofrecer a sus clientes todas las ventajas de su red global\u201d.<\/p>\n<p class=\"nota-justify\">\u201cDebido a la industria manufacturera de clase mundial y la integraci\u00f3n a las cadenas de suministro globales del pa\u00eds,\u00a0<a href=\"https:\/\/www.jornada.com.mx\/noticia\/2024\/06\/19\/economia\/201cmexico-tiene-muchas-posibilidades-de-inversion201d-dice-citigroup-a-sheinbaum-3512\" target=\"_blank\" rel=\"noopener noreferrer\" data-saferedirecturl=\"https:\/\/www.google.com\/url?q=https:\/\/www.jornada.com.mx\/noticia\/2024\/06\/19\/economia\/201cmexico-tiene-muchas-posibilidades-de-inversion201d-dice-citigroup-a-sheinbaum-3512&amp;source=gmail&amp;ust=1758835033519000&amp;usg=AOvVaw2NVr01LUQ6qxip8zHTjmJM\">Citi conf\u00eda en la trayectoria de M\u00e9xico<\/a>\u00a0y cuenta con una posici\u00f3n \u00fanica para apoyar la actividad transfronteriza de los mercados de capitales, as\u00ed como los flujos comerciales\u201d, apunt\u00f3.<\/p>\n","protected":false},"excerpt":{"rendered":"<p>\u201cBanamex, con su talentoso y experimentado equipo, seguir\u00e1 siendo un pilar fundamental para apoyar a M\u00e9xico, las empresas y familias<\/p>\n","protected":false},"author":4,"featured_media":71538,"comment_status":"closed","ping_status":"closed","sticky":false,"template":"","format":"standard","meta":{"colormag_page_container_layout":"default_layout","colormag_page_sidebar_layout":"default_layout","_jetpack_memberships_contains_paid_content":false,"footnotes":"","jetpack_publicize_message":"","jetpack_publicize_feature_enabled":true,"jetpack_social_post_already_shared":true,"jetpack_social_options":{"image_generator_settings":{"template":"highway","default_image_id":0,"font":"","enabled":false},"version":2}},"categories":[2050],"tags":[],"class_list":["post-71537","post","type-post","status-publish","format-standard","has-post-thumbnail","hentry","category-economia"],"jetpack_publicize_connections":[],"jetpack_featured_media_url":"https:\/\/i0.wp.com\/politicosaldesnudo.com.mx\/wp-content\/uploads\/2025\/09\/BILL.jpg?fit=740%2C430&ssl=1","jetpack-related-posts":[],"jetpack_sharing_enabled":true,"_links":{"self":[{"href":"https:\/\/politicosaldesnudo.com.mx\/index.php\/wp-json\/wp\/v2\/posts\/71537","targetHints":{"allow":["GET"]}}],"collection":[{"href":"https:\/\/politicosaldesnudo.com.mx\/index.php\/wp-json\/wp\/v2\/posts"}],"about":[{"href":"https:\/\/politicosaldesnudo.com.mx\/index.php\/wp-json\/wp\/v2\/types\/post"}],"author":[{"embeddable":true,"href":"https:\/\/politicosaldesnudo.com.mx\/index.php\/wp-json\/wp\/v2\/users\/4"}],"replies":[{"embeddable":true,"href":"https:\/\/politicosaldesnudo.com.mx\/index.php\/wp-json\/wp\/v2\/comments?post=71537"}],"version-history":[{"count":0,"href":"https:\/\/politicosaldesnudo.com.mx\/index.php\/wp-json\/wp\/v2\/posts\/71537\/revisions"}],"wp:featuredmedia":[{"embeddable":true,"href":"https:\/\/politicosaldesnudo.com.mx\/index.php\/wp-json\/wp\/v2\/media\/71538"}],"wp:attachment":[{"href":"https:\/\/politicosaldesnudo.com.mx\/index.php\/wp-json\/wp\/v2\/media?parent=71537"}],"wp:term":[{"taxonomy":"category","embeddable":true,"href":"https:\/\/politicosaldesnudo.com.mx\/index.php\/wp-json\/wp\/v2\/categories?post=71537"},{"taxonomy":"post_tag","embeddable":true,"href":"https:\/\/politicosaldesnudo.com.mx\/index.php\/wp-json\/wp\/v2\/tags?post=71537"}],"curies":[{"name":"wp","href":"https:\/\/api.w.org\/{rel}","templated":true}]}}