{"id":71555,"date":"2025-09-25T00:18:15","date_gmt":"2025-09-25T06:18:15","guid":{"rendered":"https:\/\/politicosaldesnudo.com.mx\/?p=71555"},"modified":"2025-09-24T22:05:51","modified_gmt":"2025-09-25T04:05:51","slug":"corte-constitucional-de-ecuador-aprueba-consulta-para-una-nueva-constitucion","status":"publish","type":"post","link":"https:\/\/politicosaldesnudo.com.mx\/index.php\/2025\/09\/25\/corte-constitucional-de-ecuador-aprueba-consulta-para-una-nueva-constitucion\/","title":{"rendered":"Corte Constitucional de Ecuador aprueba consulta para una nueva Constituci\u00f3n"},"content":{"rendered":"<p class=\"nota-justify\">La Corte Constitucional (CC) de Ecuador emiti\u00f3 este mi\u00e9rcoles un \u00abdictamen favorable\u00bb a la propuesta presentada por el Gobierno de una consulta popular que permita a m\u00e1s de 13 millones de votantes pronunciarse si est\u00e1n de acuerdo en que se elabore una nueva Constituci\u00f3n, con leyes m\u00e1s duras contra el narcotr\u00e1fico.<\/p>\n<p class=\"nota-justify\">De acuerdo con el comunicado oficial, el fallo tuvo lugar luego de que se verificara que la presidencia procedi\u00f3 a subsanar las observaciones formuladas en lo que respecta a los considerandos y al estatuto, el cual establece el mecanismo para la elecci\u00f3n, instalaci\u00f3n y funcionamiento de la Asamblea Constituyente.<\/p>\n<p class=\"nota-justify\">En su decisi\u00f3n, la CC dispuso que el Consejo Nacional Electoral (CNE) incluya en la papeleta el pr\u00f3ximo de noviembre la pregunta aprobada, as\u00ed como el estatuto y la tabla de distribuci\u00f3n de los parlamentarios que integrar\u00edan la Asamblea Constituyente encargada de elaborar el nuevo texto constitucional y la configuraci\u00f3n de esta instancia.<\/p>\n<p class=\"nota-justify\">En caso de que gane esta pregunta de consulta popular, los votantes tendr\u00e1n que acudir a las urnas a elegir a sus representantes para redactar la nueva carta magna que reemplazar\u00e1 a la vigente desde 2008, y, posteriormente, una vez elaborado el documento, este deber\u00e1 ser refrendado en otra convocatoria a votar, un proceso que se estima podr\u00eda costar hasta 200 millones de d\u00f3lares en total.<\/p>\n<p class=\"nota-justify\">En la fecha prevista para la votaci\u00f3n, los ecuatorianos tambi\u00e9n se someter\u00e1n a un refer\u00e9ndum para cambiar dos art\u00edculos de la Constituci\u00f3n, en un caso para dar paso o no al retorno de las bases militares en el pa\u00eds y en otro caso para pronunciarse respecto a la eliminaci\u00f3n del financiamiento estatal a las agrupaciones pol\u00edticas.<\/p>\n<p class=\"nota-justify\">El presidente ecuatoriano, Daniel Noboa, impuls\u00f3 este proyecto en medio de su guerra contra las bandas narco que disparan la violencia en el pa\u00eds, con una de las tasas m\u00e1s altas de homicidios en Latinoam\u00e9rica. La Corte puso freno a varias de ellas por considerar que violaban derechos fundamentales, entre otros argumentos.<\/p>\n<p class=\"nota-justify\">Los constantes choques entre el mandatario y el alto tribunal allanaron el camino de la Constituyente. El presidente lider\u00f3 masivas protestas contra los magistrados, a quienes llam\u00f3 \u00abenemigos del pueblo\u00bb.<\/p>\n<p class=\"nota-justify\">El ente electoral aprob\u00f3 adem\u00e1s el presupuesto para la consulta popular y refer\u00e9ndum, el cual supera los 59 millones de d\u00f3lares.<\/p>\n","protected":false},"excerpt":{"rendered":"<p>La Corte Constitucional (CC) de Ecuador emiti\u00f3 este mi\u00e9rcoles un \u00abdictamen favorable\u00bb a la propuesta presentada por el Gobierno de<\/p>\n","protected":false},"author":4,"featured_media":71556,"comment_status":"closed","ping_status":"closed","sticky":false,"template":"","format":"standard","meta":{"colormag_page_container_layout":"default_layout","colormag_page_sidebar_layout":"default_layout","_jetpack_memberships_contains_paid_content":false,"footnotes":"","jetpack_publicize_message":"","jetpack_publicize_feature_enabled":true,"jetpack_social_post_already_shared":true,"jetpack_social_options":{"image_generator_settings":{"template":"highway","default_image_id":0,"font":"","enabled":false},"version":2}},"categories":[28],"tags":[],"class_list":["post-71555","post","type-post","status-publish","format-standard","has-post-thumbnail","hentry","category-internacional"],"jetpack_publicize_connections":[],"jetpack_featured_media_url":"https:\/\/i0.wp.com\/politicosaldesnudo.com.mx\/wp-content\/uploads\/2025\/09\/ECU.jpg?fit=767%2C524&ssl=1","jetpack-related-posts":[],"jetpack_sharing_enabled":true,"_links":{"self":[{"href":"https:\/\/politicosaldesnudo.com.mx\/index.php\/wp-json\/wp\/v2\/posts\/71555","targetHints":{"allow":["GET"]}}],"collection":[{"href":"https:\/\/politicosaldesnudo.com.mx\/index.php\/wp-json\/wp\/v2\/posts"}],"about":[{"href":"https:\/\/politicosaldesnudo.com.mx\/index.php\/wp-json\/wp\/v2\/types\/post"}],"author":[{"embeddable":true,"href":"https:\/\/politicosaldesnudo.com.mx\/index.php\/wp-json\/wp\/v2\/users\/4"}],"replies":[{"embeddable":true,"href":"https:\/\/politicosaldesnudo.com.mx\/index.php\/wp-json\/wp\/v2\/comments?post=71555"}],"version-history":[{"count":0,"href":"https:\/\/politicosaldesnudo.com.mx\/index.php\/wp-json\/wp\/v2\/posts\/71555\/revisions"}],"wp:featuredmedia":[{"embeddable":true,"href":"https:\/\/politicosaldesnudo.com.mx\/index.php\/wp-json\/wp\/v2\/media\/71556"}],"wp:attachment":[{"href":"https:\/\/politicosaldesnudo.com.mx\/index.php\/wp-json\/wp\/v2\/media?parent=71555"}],"wp:term":[{"taxonomy":"category","embeddable":true,"href":"https:\/\/politicosaldesnudo.com.mx\/index.php\/wp-json\/wp\/v2\/categories?post=71555"},{"taxonomy":"post_tag","embeddable":true,"href":"https:\/\/politicosaldesnudo.com.mx\/index.php\/wp-json\/wp\/v2\/tags?post=71555"}],"curies":[{"name":"wp","href":"https:\/\/api.w.org\/{rel}","templated":true}]}}