{"id":71558,"date":"2025-09-25T00:19:50","date_gmt":"2025-09-25T06:19:50","guid":{"rendered":"https:\/\/politicosaldesnudo.com.mx\/?p=71558"},"modified":"2025-09-24T22:08:01","modified_gmt":"2025-09-25T04:08:01","slug":"exige-felipe-vi-a-israel-detener-la-masacre-en-gaza-ante-asamblea-general-de-la-onu","status":"publish","type":"post","link":"https:\/\/politicosaldesnudo.com.mx\/index.php\/2025\/09\/25\/exige-felipe-vi-a-israel-detener-la-masacre-en-gaza-ante-asamblea-general-de-la-onu\/","title":{"rendered":"Exige Felipe VI a Israel \u00abdetener la masacre\u00bb en Gaza ante Asamblea General de la ONU"},"content":{"rendered":"<p class=\"nota-justify\">El rey Felipe VI exigi\u00f3 este mi\u00e9rcoles desde la tribuna de la ONU al gobierno de Israel que \u00abdetenga la masacre\u00bb en Gaza y que deje de causar \u00abm\u00e1s muertes\u00bb en nombre del pueblo jud\u00edo, \u00abque sufri\u00f3 tanto a lo largo de la historia\u00bb y con el que Espa\u00f1a tiene profundos lazos hist\u00f3ricos.<\/p>\n<p class=\"nota-justify\">En su discurso ante la Asamblea General de la ONU, y en l\u00ednea con la postura que ha venido manteniendo el gobierno, el monarca defendi\u00f3 que \u00abno podemos guardar silencio, ni mirar hacia otro lado, ante la devastaci\u00f3n, y ante tantas muertes entre la poblaci\u00f3n civil; o contra la hambruna y el desplazamiento forzoso de cientos de miles de personas. \u00bfCon qu\u00e9 destino?\u00bb, reiter\u00f3 el monarca espa\u00f1ol.<\/p>\n<p class=\"nota-justify\">A su juicio, se trata de \u00abactos aberrantes que est\u00e1n en las ant\u00edpodas de todo lo que representa la ONU, repugnan a la conciencia humana y averg\u00fcenzan al conjunto de la comunidad internacional\u00bb, se\u00f1al\u00f3 el rey, aunque no lleg\u00f3 a usar el t\u00e9rmino genocidio que s\u00ed emplea ya el gobierno espa\u00f1ol.<\/p>\n<p class=\"nota-justify\">El rey refut\u00f3, en su intervenci\u00f3n, las acusaciones de antisemitismo que realiz\u00f3 el gobierno del primer ministro israel\u00ed, Benjamin Netanyahu, a ra\u00edz de la decisi\u00f3n del ejecutivo de imponer el embargo de armas a Israel, reivindicando que \u00abEspa\u00f1a es un pueblo profundamente orgulloso de sus ra\u00edces sefard\u00edes\u00bb.<\/p>\n<p class=\"nota-justify\">Por tanto, incidi\u00f3, \u00abcuando hablamos al pueblo de Israel, estamos hablando a un pueblo de hermanos\u00bb. De hecho, a\u00f1adi\u00f3 que fue ese \u00abel principio inspirador de la ley por la que, en 2015 y con amplio consenso, se concedi\u00f3 la nacionalidad espa\u00f1ola a los descendientes de los jud\u00edos sefard\u00edes originarios del pa\u00eds\u00bb, de acuerdo a autoridades gubernamentales, 72 mil personas recibieron la nacionalidad por esta v\u00eda.<\/p>\n<p class=\"nota-justify\">\u00abPor eso nos duele tanto y nos cuesta tanto comprender lo que el gobierno israel\u00ed est\u00e1 haciendo en la Franja de Gaza\u00bb, asegur\u00f3 el monarca, que fue el encargado de abrir la segunda jornada de la Asamblea General de las Naciones Unidas.<\/p>\n","protected":false},"excerpt":{"rendered":"<p>El rey Felipe VI exigi\u00f3 este mi\u00e9rcoles desde la tribuna de la ONU al gobierno de Israel que \u00abdetenga la<\/p>\n","protected":false},"author":4,"featured_media":71559,"comment_status":"closed","ping_status":"closed","sticky":false,"template":"","format":"standard","meta":{"colormag_page_container_layout":"default_layout","colormag_page_sidebar_layout":"default_layout","_jetpack_memberships_contains_paid_content":false,"footnotes":"","jetpack_publicize_message":"","jetpack_publicize_feature_enabled":true,"jetpack_social_post_already_shared":true,"jetpack_social_options":{"image_generator_settings":{"template":"highway","default_image_id":0,"font":"","enabled":false},"version":2}},"categories":[28],"tags":[],"class_list":["post-71558","post","type-post","status-publish","format-standard","has-post-thumbnail","hentry","category-internacional"],"jetpack_publicize_connections":[],"jetpack_featured_media_url":"https:\/\/i0.wp.com\/politicosaldesnudo.com.mx\/wp-content\/uploads\/2025\/09\/ELFE.jpg?fit=778%2C512&ssl=1","jetpack-related-posts":[],"jetpack_sharing_enabled":true,"_links":{"self":[{"href":"https:\/\/politicosaldesnudo.com.mx\/index.php\/wp-json\/wp\/v2\/posts\/71558","targetHints":{"allow":["GET"]}}],"collection":[{"href":"https:\/\/politicosaldesnudo.com.mx\/index.php\/wp-json\/wp\/v2\/posts"}],"about":[{"href":"https:\/\/politicosaldesnudo.com.mx\/index.php\/wp-json\/wp\/v2\/types\/post"}],"author":[{"embeddable":true,"href":"https:\/\/politicosaldesnudo.com.mx\/index.php\/wp-json\/wp\/v2\/users\/4"}],"replies":[{"embeddable":true,"href":"https:\/\/politicosaldesnudo.com.mx\/index.php\/wp-json\/wp\/v2\/comments?post=71558"}],"version-history":[{"count":0,"href":"https:\/\/politicosaldesnudo.com.mx\/index.php\/wp-json\/wp\/v2\/posts\/71558\/revisions"}],"wp:featuredmedia":[{"embeddable":true,"href":"https:\/\/politicosaldesnudo.com.mx\/index.php\/wp-json\/wp\/v2\/media\/71559"}],"wp:attachment":[{"href":"https:\/\/politicosaldesnudo.com.mx\/index.php\/wp-json\/wp\/v2\/media?parent=71558"}],"wp:term":[{"taxonomy":"category","embeddable":true,"href":"https:\/\/politicosaldesnudo.com.mx\/index.php\/wp-json\/wp\/v2\/categories?post=71558"},{"taxonomy":"post_tag","embeddable":true,"href":"https:\/\/politicosaldesnudo.com.mx\/index.php\/wp-json\/wp\/v2\/tags?post=71558"}],"curies":[{"name":"wp","href":"https:\/\/api.w.org\/{rel}","templated":true}]}}