{"id":7158,"date":"2022-06-30T21:27:58","date_gmt":"2022-07-01T02:27:58","guid":{"rendered":"https:\/\/politicosaldesnudo.com.mx\/?p=7158"},"modified":"2022-07-06T21:01:51","modified_gmt":"2022-07-07T02:01:51","slug":"tuxpan-celebra-tercera-sesion-de-cabildo-abierta","status":"publish","type":"post","link":"https:\/\/politicosaldesnudo.com.mx\/index.php\/2022\/06\/30\/tuxpan-celebra-tercera-sesion-de-cabildo-abierta\/","title":{"rendered":"Tuxpan celebra tercera sesi\u00f3n de Cabildo abierto"},"content":{"rendered":"<p>&nbsp;<\/p>\n<p class=\"p3\"><span style=\"font-size: 14pt;\"><em><strong>Tuxpan.<\/strong> <\/em>Se realiza en <strong>Tuxpan la tercera sesi\u00f3n de Cabildo abierta<\/strong> permitiendo as\u00ed<strong> un acercamiento entre gobernados y gobernantes<\/strong>, estableciendo una <strong>red de comunicaci\u00f3n<\/strong> que brinde una nueva visi\u00f3n, as\u00ed lo destac\u00f3 el alcalde <strong>Jos\u00e9 Manuel Pozos Castro<\/strong>.<span class=\"Apple-converted-space\">\u00a0<\/span><\/span><\/p>\n<p class=\"p3\"><span style=\"font-size: 18pt;\"><strong>Se trata de dar cumplimiento a lo establecido en los art\u00edculos 28, 29, 30 y dem\u00e1s relativos y aplicables de la Ley Org\u00e1nica del Municipio Libre del Estado de Veracruz; 24 y 25 de la Ley Estatal de Participaci\u00f3n Ciudadana y Gobierno Abierto; y los dem\u00e1s relativos y aplicables de ambos ordenamientos jur\u00eddicos.<\/strong><\/span><\/p>\n<p>&nbsp;<\/p>\n<p><img data-recalc-dims=\"1\" loading=\"lazy\" decoding=\"async\" class=\"aligncenter wp-image-7160 size-large\" src=\"https:\/\/i0.wp.com\/politicosaldesnudo.com.mx\/wp-content\/uploads\/2022\/06\/P-TUXPAN-CABILDO2-1024x573.png?resize=800%2C448&#038;ssl=1\" alt=\"\" width=\"800\" height=\"448\" srcset=\"https:\/\/i0.wp.com\/politicosaldesnudo.com.mx\/wp-content\/uploads\/2022\/06\/P-TUXPAN-CABILDO2.png?resize=1024%2C573&amp;ssl=1 1024w, https:\/\/i0.wp.com\/politicosaldesnudo.com.mx\/wp-content\/uploads\/2022\/06\/P-TUXPAN-CABILDO2.png?resize=300%2C168&amp;ssl=1 300w, https:\/\/i0.wp.com\/politicosaldesnudo.com.mx\/wp-content\/uploads\/2022\/06\/P-TUXPAN-CABILDO2.png?resize=768%2C430&amp;ssl=1 768w, https:\/\/i0.wp.com\/politicosaldesnudo.com.mx\/wp-content\/uploads\/2022\/06\/P-TUXPAN-CABILDO2.png?resize=1536%2C859&amp;ssl=1 1536w, https:\/\/i0.wp.com\/politicosaldesnudo.com.mx\/wp-content\/uploads\/2022\/06\/P-TUXPAN-CABILDO2.png?w=1816&amp;ssl=1 1816w, https:\/\/i0.wp.com\/politicosaldesnudo.com.mx\/wp-content\/uploads\/2022\/06\/P-TUXPAN-CABILDO2.png?w=1600&amp;ssl=1 1600w\" sizes=\"auto, (max-width: 800px) 100vw, 800px\" \/><\/p>\n<p>&nbsp;<\/p>\n<p class=\"p3\"><span style=\"font-size: 14pt;\">La sesi\u00f3n estuvo encabezada por el alcalde Jos\u00e9 Manuel Pozos Castro, la s\u00edndica Beatriz Pi\u00f1a Vergara; y las regidoras y regidores Amado Guti\u00e9rrez Lima, Mar\u00eda del Pilar Mart\u00ednez Matesanz, Maryanela Monroy Flores, Anah\u00ed Aguilar L\u00f3pez, Juan G\u00f3mez Garc\u00eda, Lucero Magdalena Res\u00e9ndis, Luis Demetrio L\u00f3pez Mar\u00edn, Axel Bernal Herrera, y Luciano Folgueras.<\/span><\/p>\n<p class=\"p3\"><span style=\"font-size: 18pt;\"><strong>El alcalde Jos\u00e9 Manuel Pozos Castro dijo que esta nueva visi\u00f3n de \u201ccircunstancias deben ser atendidas y resueltas por la autoridad municipal; asegurando que el gobierno que encabeza est\u00e1 a las \u00f3rdenes del pueblo\u201d.<span class=\"Apple-converted-space\">\u00a0<\/span><\/strong><\/span><\/p>\n<p>&nbsp;<\/p>\n<p><img data-recalc-dims=\"1\" loading=\"lazy\" decoding=\"async\" class=\"aligncenter wp-image-7161 size-large\" src=\"https:\/\/i0.wp.com\/politicosaldesnudo.com.mx\/wp-content\/uploads\/2022\/06\/P-TUXPAN-CABILDO3-1024x573.png?resize=800%2C448&#038;ssl=1\" alt=\"\" width=\"800\" height=\"448\" srcset=\"https:\/\/i0.wp.com\/politicosaldesnudo.com.mx\/wp-content\/uploads\/2022\/06\/P-TUXPAN-CABILDO3.png?resize=1024%2C573&amp;ssl=1 1024w, https:\/\/i0.wp.com\/politicosaldesnudo.com.mx\/wp-content\/uploads\/2022\/06\/P-TUXPAN-CABILDO3.png?resize=300%2C168&amp;ssl=1 300w, https:\/\/i0.wp.com\/politicosaldesnudo.com.mx\/wp-content\/uploads\/2022\/06\/P-TUXPAN-CABILDO3.png?resize=768%2C430&amp;ssl=1 768w, https:\/\/i0.wp.com\/politicosaldesnudo.com.mx\/wp-content\/uploads\/2022\/06\/P-TUXPAN-CABILDO3.png?resize=1536%2C859&amp;ssl=1 1536w, https:\/\/i0.wp.com\/politicosaldesnudo.com.mx\/wp-content\/uploads\/2022\/06\/P-TUXPAN-CABILDO3.png?w=1816&amp;ssl=1 1816w, https:\/\/i0.wp.com\/politicosaldesnudo.com.mx\/wp-content\/uploads\/2022\/06\/P-TUXPAN-CABILDO3.png?w=1600&amp;ssl=1 1600w\" sizes=\"auto, (max-width: 800px) 100vw, 800px\" \/><\/p>\n<p>&nbsp;<\/p>\n<p class=\"p3\"><span style=\"font-size: 18pt;\"><strong>En esta sesi\u00f3n de cabildo participaron 12 ciudadanos, quienes expusieron las necesidades que tienen sus colonias en materia de alumbrado, obra p\u00fablica, seguridad; asimismo solicitaron infraestructura para planteles educativos y la rehabilitaci\u00f3n de espacios deportivos.<\/strong><\/span><\/p>\n<p class=\"p3\"><span style=\"font-size: 14pt;\">Tambi\u00e9n estuvieron presentes los directores de las diferentes \u00e1reas del Ayuntamiento, quienes tomaron nota de las solicitudes y propuestas de los ciudadanos.<\/span><\/p>\n<p class=\"p3\"><span style=\"font-size: 14pt;\">Los integrantes del Cabildo se comprometieron a evaluar cada una de las peticiones para determinar su factibilidad.<\/span><\/p>\n<p>&nbsp;<\/p>\n<p><img data-recalc-dims=\"1\" loading=\"lazy\" decoding=\"async\" class=\"aligncenter wp-image-7162 size-large\" src=\"https:\/\/i0.wp.com\/politicosaldesnudo.com.mx\/wp-content\/uploads\/2022\/06\/P-TUXPAN-CABILDO4-1024x573.png?resize=800%2C448&#038;ssl=1\" alt=\"\" width=\"800\" height=\"448\" srcset=\"https:\/\/i0.wp.com\/politicosaldesnudo.com.mx\/wp-content\/uploads\/2022\/06\/P-TUXPAN-CABILDO4.png?resize=1024%2C573&amp;ssl=1 1024w, https:\/\/i0.wp.com\/politicosaldesnudo.com.mx\/wp-content\/uploads\/2022\/06\/P-TUXPAN-CABILDO4.png?resize=300%2C168&amp;ssl=1 300w, https:\/\/i0.wp.com\/politicosaldesnudo.com.mx\/wp-content\/uploads\/2022\/06\/P-TUXPAN-CABILDO4.png?resize=768%2C430&amp;ssl=1 768w, https:\/\/i0.wp.com\/politicosaldesnudo.com.mx\/wp-content\/uploads\/2022\/06\/P-TUXPAN-CABILDO4.png?resize=1536%2C859&amp;ssl=1 1536w, https:\/\/i0.wp.com\/politicosaldesnudo.com.mx\/wp-content\/uploads\/2022\/06\/P-TUXPAN-CABILDO4.png?w=1816&amp;ssl=1 1816w, https:\/\/i0.wp.com\/politicosaldesnudo.com.mx\/wp-content\/uploads\/2022\/06\/P-TUXPAN-CABILDO4.png?w=1600&amp;ssl=1 1600w\" sizes=\"auto, (max-width: 800px) 100vw, 800px\" \/><\/p>\n<p>&nbsp;<\/p>\n<p>&nbsp;<\/p>\n<p>&nbsp;<\/p>\n<p>&nbsp;<\/p>\n","protected":false},"excerpt":{"rendered":"<p>&nbsp; Tuxpan. Se realiza en Tuxpan la tercera sesi\u00f3n de Cabildo abierta permitiendo as\u00ed un acercamiento entre gobernados y gobernantes,<\/p>\n","protected":false},"author":4,"featured_media":7159,"comment_status":"closed","ping_status":"closed","sticky":false,"template":"","format":"standard","meta":{"colormag_page_container_layout":"default_layout","colormag_page_sidebar_layout":"default_layout","_jetpack_memberships_contains_paid_content":false,"footnotes":"","jetpack_publicize_message":"","jetpack_publicize_feature_enabled":true,"jetpack_social_post_already_shared":false,"jetpack_social_options":{"image_generator_settings":{"template":"highway","default_image_id":0,"font":"","enabled":false},"version":2}},"categories":[1082],"tags":[1050,576,70],"class_list":["post-7158","post","type-post","status-publish","format-standard","has-post-thumbnail","hentry","category-tuxpan","tag-cabildo-abierto","tag-jose-manuel-pozos","tag-tuxpan"],"jetpack_publicize_connections":[],"jetpack_featured_media_url":"https:\/\/i0.wp.com\/politicosaldesnudo.com.mx\/wp-content\/uploads\/2022\/06\/P-TUXPAN-CABILDO1.png?fit=1816%2C1016&ssl=1","jetpack-related-posts":[],"jetpack_sharing_enabled":true,"_links":{"self":[{"href":"https:\/\/politicosaldesnudo.com.mx\/index.php\/wp-json\/wp\/v2\/posts\/7158","targetHints":{"allow":["GET"]}}],"collection":[{"href":"https:\/\/politicosaldesnudo.com.mx\/index.php\/wp-json\/wp\/v2\/posts"}],"about":[{"href":"https:\/\/politicosaldesnudo.com.mx\/index.php\/wp-json\/wp\/v2\/types\/post"}],"author":[{"embeddable":true,"href":"https:\/\/politicosaldesnudo.com.mx\/index.php\/wp-json\/wp\/v2\/users\/4"}],"replies":[{"embeddable":true,"href":"https:\/\/politicosaldesnudo.com.mx\/index.php\/wp-json\/wp\/v2\/comments?post=7158"}],"version-history":[{"count":0,"href":"https:\/\/politicosaldesnudo.com.mx\/index.php\/wp-json\/wp\/v2\/posts\/7158\/revisions"}],"wp:featuredmedia":[{"embeddable":true,"href":"https:\/\/politicosaldesnudo.com.mx\/index.php\/wp-json\/wp\/v2\/media\/7159"}],"wp:attachment":[{"href":"https:\/\/politicosaldesnudo.com.mx\/index.php\/wp-json\/wp\/v2\/media?parent=7158"}],"wp:term":[{"taxonomy":"category","embeddable":true,"href":"https:\/\/politicosaldesnudo.com.mx\/index.php\/wp-json\/wp\/v2\/categories?post=7158"},{"taxonomy":"post_tag","embeddable":true,"href":"https:\/\/politicosaldesnudo.com.mx\/index.php\/wp-json\/wp\/v2\/tags?post=7158"}],"curies":[{"name":"wp","href":"https:\/\/api.w.org\/{rel}","templated":true}]}}