{"id":71659,"date":"2025-09-26T00:17:21","date_gmt":"2025-09-26T06:17:21","guid":{"rendered":"https:\/\/politicosaldesnudo.com.mx\/?p=71659"},"modified":"2025-09-25T23:26:29","modified_gmt":"2025-09-26T05:26:29","slug":"ruanda-denuncia-ante-la-onu-senales-de-genocidio-en-el-congo","status":"publish","type":"post","link":"https:\/\/politicosaldesnudo.com.mx\/index.php\/2025\/09\/26\/ruanda-denuncia-ante-la-onu-senales-de-genocidio-en-el-congo\/","title":{"rendered":"Ruanda denuncia ante la ONU \u00abse\u00f1ales de genocidio\u00bb en el Congo"},"content":{"rendered":"<div id=\"article-content-tts\" class=\"nota-contenido mb-5\">\n<div id=\"content_nitf\">\n<p class=\"nota-justify\">El ministro de Exteriores de Ruanda, Olivier Nduhungirehe, denunci\u00f3 este jueves ante la Asamblea General de la ONU la existencia de \u00abse\u00f1ales de alerta temprana de un genocidio\u00bb en el este de Rep\u00fablica Democr\u00e1tica de Congo (RDC), acusando al gobierno de este pa\u00eds de respaldar a \u00abgrupos genocidas\u00bb dos d\u00edas despu\u00e9s de que Kinshasa haya pedido a los Estados miembros que reconozcan el \u00abgenocidio silencioso\u00bb contra los congole\u00f1os.<\/p>\n<p class=\"nota-justify\">Nduhungirehe se\u00f1al\u00f3 que la militarizaci\u00f3n renovada de RDC, sumada a la colaboraci\u00f3n con milicias como las FDLR (Fuerzas Democr\u00e1ticas para la Liberaci\u00f3n de Ruanda) y los VDP\/Wazalendo, as\u00ed como el despliegue de drones de ataque y aviones de combate contra la poblaci\u00f3n civil, subraya la gravedad de la crisis, particularmente en comunidades banyamulenge y otros tutsis congole\u00f1os.<\/p>\n<p class=\"nota-justify\">El jefe de la diplomacia ruandesa acus\u00f3 adem\u00e1s a las autoridades de Kinshasa de contar con \u00abfuerzas extranjeras\u00bb y de incluir a mercenarios en su \u00abcoalici\u00f3n\u00bb, e inst\u00f3 a su vecino occidental a \u00abrechazar la soluci\u00f3n militar e implementar de buena fe el Acuerdo de Paz de Washington, que representa una oportunidad \u00fanica para poner fin a este conflicto que se ha prolongado demasiado tiempo\u00bb. Se\u00f1al\u00f3 que estas acciones recuerdan la brutalidad de las milicias genocidas de 1994 en Ruanda y advirti\u00f3 que la persecuci\u00f3n de los tutsis congole\u00f1os constituye un crimen de lesa humanidad como genocidio.<\/p>\n<p class=\"nota-justify\">Tambi\u00e9n reprob\u00f3 la actuaci\u00f3n de la Misi\u00f3n de paz de la ONU en RDC (MONUSCO), establecida en 1999, que no logr\u00f3 neutralizar a los grupos armados y termin\u00f3 colaborando con las FDLR, en contravenci\u00f3n de varias resoluciones del Consejo de Seguridad.<\/p>\n<p class=\"nota-justify\">Human Rights Watch document\u00f3 que combatientes de Wazalendo acosaron, amenazaron y secuestraron a miembros de la comunidad banyamulenge en Uvira, acus\u00e1ndolos de apoyar al M23, grupo rebelde respaldado por Ruanda que captur\u00f3 partes de Kivu Sur. Ante esta situaci\u00f3n, las autoridades centrales de RDC viajaron a Uvira para consultas con l\u00edderes locales y representantes de los grupos armados.<\/p>\n<p class=\"nota-justify\">RDC y Ruanda firmaron en junio un acuerdo de paz para poner fin a la actividad de grupos armados como M23 y FDLR, tras la ofensiva que tom\u00f3 las capitales de Kivu Norte y Kivu Sur y desplaz\u00f3 a miles de personas.<\/p>\n<\/div>\n<\/div>\n<div class=\"notas-relacionadas\"><\/div>\n<div class=\"nota-tags\"><\/div>\n","protected":false},"excerpt":{"rendered":"<p>El ministro de Exteriores de Ruanda, Olivier Nduhungirehe, denunci\u00f3 este jueves ante la Asamblea General de la ONU la existencia<\/p>\n","protected":false},"author":4,"featured_media":71660,"comment_status":"closed","ping_status":"closed","sticky":false,"template":"","format":"standard","meta":{"colormag_page_container_layout":"default_layout","colormag_page_sidebar_layout":"default_layout","_jetpack_memberships_contains_paid_content":false,"footnotes":"","jetpack_publicize_message":"","jetpack_publicize_feature_enabled":true,"jetpack_social_post_already_shared":true,"jetpack_social_options":{"image_generator_settings":{"template":"highway","default_image_id":0,"font":"","enabled":false},"version":2}},"categories":[28],"tags":[],"class_list":["post-71659","post","type-post","status-publish","format-standard","has-post-thumbnail","hentry","category-internacional"],"jetpack_publicize_connections":[],"jetpack_featured_media_url":"https:\/\/i0.wp.com\/politicosaldesnudo.com.mx\/wp-content\/uploads\/2025\/09\/CONG.jpg?fit=766%2C517&ssl=1","jetpack-related-posts":[],"jetpack_sharing_enabled":true,"_links":{"self":[{"href":"https:\/\/politicosaldesnudo.com.mx\/index.php\/wp-json\/wp\/v2\/posts\/71659","targetHints":{"allow":["GET"]}}],"collection":[{"href":"https:\/\/politicosaldesnudo.com.mx\/index.php\/wp-json\/wp\/v2\/posts"}],"about":[{"href":"https:\/\/politicosaldesnudo.com.mx\/index.php\/wp-json\/wp\/v2\/types\/post"}],"author":[{"embeddable":true,"href":"https:\/\/politicosaldesnudo.com.mx\/index.php\/wp-json\/wp\/v2\/users\/4"}],"replies":[{"embeddable":true,"href":"https:\/\/politicosaldesnudo.com.mx\/index.php\/wp-json\/wp\/v2\/comments?post=71659"}],"version-history":[{"count":0,"href":"https:\/\/politicosaldesnudo.com.mx\/index.php\/wp-json\/wp\/v2\/posts\/71659\/revisions"}],"wp:featuredmedia":[{"embeddable":true,"href":"https:\/\/politicosaldesnudo.com.mx\/index.php\/wp-json\/wp\/v2\/media\/71660"}],"wp:attachment":[{"href":"https:\/\/politicosaldesnudo.com.mx\/index.php\/wp-json\/wp\/v2\/media?parent=71659"}],"wp:term":[{"taxonomy":"category","embeddable":true,"href":"https:\/\/politicosaldesnudo.com.mx\/index.php\/wp-json\/wp\/v2\/categories?post=71659"},{"taxonomy":"post_tag","embeddable":true,"href":"https:\/\/politicosaldesnudo.com.mx\/index.php\/wp-json\/wp\/v2\/tags?post=71659"}],"curies":[{"name":"wp","href":"https:\/\/api.w.org\/{rel}","templated":true}]}}