{"id":71668,"date":"2025-09-26T00:20:20","date_gmt":"2025-09-26T06:20:20","guid":{"rendered":"https:\/\/politicosaldesnudo.com.mx\/?p=71668"},"modified":"2025-09-25T23:33:38","modified_gmt":"2025-09-26T05:33:38","slug":"sopesa-europa-derribar-cazas-y-drones-rusos-que-violen-espacios-aereos-de-la-otan","status":"publish","type":"post","link":"https:\/\/politicosaldesnudo.com.mx\/index.php\/2025\/09\/26\/sopesa-europa-derribar-cazas-y-drones-rusos-que-violen-espacios-aereos-de-la-otan\/","title":{"rendered":"Sopesa Europa derribar cazas y drones rusos que violen espacios a\u00e9reos de la OTAN"},"content":{"rendered":"<p class=\"nota-justify\">La presidenta de la Comisi\u00f3n Europea, Ursula von der Leyen, afirm\u00f3 que la posibilidad de derribar cazas y drones rusos que se introduzcan en el espacio a\u00e9reo de los pa\u00edses miembro de la OTAN \u00abest\u00e1 sobre la mesa\u00bb, una cuesti\u00f3n que ve esencial para \u00abdefender cada metro cuadrado\u00bb del territorio europeo.<\/p>\n<p class=\"nota-justify\">\u00abMi opini\u00f3n personal es que tenemos que defender nuestro territorio y eso significa que si hay una violaci\u00f3n del espacio a\u00e9reo, la opci\u00f3n de derribar un caza debe estar sobre la mesa, siempre tras seguir el protocolo y realizar las alertas pertinentes y claras\u00bb, explic\u00f3 durante una entrevista con la cadena de televisi\u00f3n estadunidense CNN.<\/p>\n<p class=\"nota-justify\">En este sentido, se\u00f1al\u00f3 que Rusia est\u00e1 poniendo a Europa \u00aba prueba en todos los campos\u00bb. \u00abEs una guerra h\u00edbrida que (Rusia) est\u00e1 librando contra las democracias de la UE. Es decisi\u00f3n de la OTAN, pero yo digo muy claro: no toques nuestro territorio\u00bb, subray\u00f3.<\/p>\n<p class=\"nota-justify\">Asimismo, hizo hincapi\u00e9 en que el bloque comunitario sigue siendo \u00abmuy claro a la hora de mostrar su apoyo a Ucrania y lo que esto significa\u00bb. \u00abHemos invertido en econom\u00eda y defensa y vamos a seguir este curso, del lado ucranio, y esto implica darles las capacidades militares que requieren para defender su pa\u00eds\u00bb, sostuvo la funcionaria.<\/p>\n<p>&nbsp;<\/p>\n","protected":false},"excerpt":{"rendered":"<p>La presidenta de la Comisi\u00f3n Europea, Ursula von der Leyen, afirm\u00f3 que la posibilidad de derribar cazas y drones rusos<\/p>\n","protected":false},"author":4,"featured_media":71669,"comment_status":"closed","ping_status":"closed","sticky":false,"template":"","format":"standard","meta":{"colormag_page_container_layout":"default_layout","colormag_page_sidebar_layout":"default_layout","_jetpack_memberships_contains_paid_content":false,"footnotes":"","jetpack_publicize_message":"","jetpack_publicize_feature_enabled":true,"jetpack_social_post_already_shared":true,"jetpack_social_options":{"image_generator_settings":{"template":"highway","default_image_id":0,"font":"","enabled":false},"version":2}},"categories":[28],"tags":[],"class_list":["post-71668","post","type-post","status-publish","format-standard","has-post-thumbnail","hentry","category-internacional"],"jetpack_publicize_connections":[],"jetpack_featured_media_url":"https:\/\/i0.wp.com\/politicosaldesnudo.com.mx\/wp-content\/uploads\/2025\/09\/OTAN.jpg?fit=780%2C511&ssl=1","jetpack-related-posts":[],"jetpack_sharing_enabled":true,"_links":{"self":[{"href":"https:\/\/politicosaldesnudo.com.mx\/index.php\/wp-json\/wp\/v2\/posts\/71668","targetHints":{"allow":["GET"]}}],"collection":[{"href":"https:\/\/politicosaldesnudo.com.mx\/index.php\/wp-json\/wp\/v2\/posts"}],"about":[{"href":"https:\/\/politicosaldesnudo.com.mx\/index.php\/wp-json\/wp\/v2\/types\/post"}],"author":[{"embeddable":true,"href":"https:\/\/politicosaldesnudo.com.mx\/index.php\/wp-json\/wp\/v2\/users\/4"}],"replies":[{"embeddable":true,"href":"https:\/\/politicosaldesnudo.com.mx\/index.php\/wp-json\/wp\/v2\/comments?post=71668"}],"version-history":[{"count":0,"href":"https:\/\/politicosaldesnudo.com.mx\/index.php\/wp-json\/wp\/v2\/posts\/71668\/revisions"}],"wp:featuredmedia":[{"embeddable":true,"href":"https:\/\/politicosaldesnudo.com.mx\/index.php\/wp-json\/wp\/v2\/media\/71669"}],"wp:attachment":[{"href":"https:\/\/politicosaldesnudo.com.mx\/index.php\/wp-json\/wp\/v2\/media?parent=71668"}],"wp:term":[{"taxonomy":"category","embeddable":true,"href":"https:\/\/politicosaldesnudo.com.mx\/index.php\/wp-json\/wp\/v2\/categories?post=71668"},{"taxonomy":"post_tag","embeddable":true,"href":"https:\/\/politicosaldesnudo.com.mx\/index.php\/wp-json\/wp\/v2\/tags?post=71668"}],"curies":[{"name":"wp","href":"https:\/\/api.w.org\/{rel}","templated":true}]}}