{"id":71677,"date":"2025-09-27T00:01:57","date_gmt":"2025-09-27T06:01:57","guid":{"rendered":"https:\/\/politicosaldesnudo.com.mx\/?p=71677"},"modified":"2025-09-26T18:33:36","modified_gmt":"2025-09-27T00:33:36","slug":"cesan-largas-filas-en-modulo-de-licencias","status":"publish","type":"post","link":"https:\/\/politicosaldesnudo.com.mx\/index.php\/2025\/09\/27\/cesan-largas-filas-en-modulo-de-licencias\/","title":{"rendered":"Cesan largas filas en m\u00f3dulo de licencias"},"content":{"rendered":"<p>Despu\u00e9s de varios meses en los que el m\u00f3dulo de licencias del municipio de Tuxpan present\u00f3 constantes fallas en el sistema, provocando largas filas y retrasos en la atenci\u00f3n, se constat\u00f3 que el servicio ya opera de manera normal.<\/p>\n<p>El m\u00f3dulo, ubicado en la calle Vicente Guerrero, hab\u00eda sido se\u00f1alado por la ciudadan\u00eda debido a que \u201cse ca\u00eda\u201d el sistema con frecuencia, lo que generaba malestar entre quienes acud\u00edan a realizar tr\u00e1mites. Sin embargo, en los \u00faltimos d\u00edas se observa una mejor\u00eda notable, con procesos m\u00e1s \u00e1giles y mayor organizaci\u00f3n.<\/p>\n<p>Entre las acciones implementadas, se colocaron sillas en el exterior del m\u00f3dulo para brindar comodidad a los usuarios, quienes en su mayor\u00eda provienen no solo de Tuxpan, sino tambi\u00e9n de municipios vecinos como Cerro Azul, \u00c1lamo, Naranjos, Tamiahua, entre otros.<\/p>\n<p>Aunque los ciudadanos contin\u00faan haciendo fila desde tempranas horas de la ma\u00f1ana, a partir de las 10 ya se aprecia una disminuci\u00f3n en la carga de personas, gracias a que el m\u00f3dulo abre en punto de las 8:00 horas, lo que ha permitido acelerar los tiempos de atenci\u00f3n.<\/p>\n<p>Con estas mejoras, se espera que el servicio contin\u00fae de manera estable y que los habitantes de la zona norte y sur de la regi\u00f3n puedan realizar sus tr\u00e1mites sin\u00a0contratiempos.<\/p>\n","protected":false},"excerpt":{"rendered":"<p>Despu\u00e9s de varios meses en los que el m\u00f3dulo de licencias del municipio de Tuxpan present\u00f3 constantes fallas en el<\/p>\n","protected":false},"author":4,"featured_media":71678,"comment_status":"closed","ping_status":"closed","sticky":false,"template":"","format":"standard","meta":{"colormag_page_container_layout":"default_layout","colormag_page_sidebar_layout":"default_layout","_jetpack_memberships_contains_paid_content":false,"footnotes":"","jetpack_publicize_message":"","jetpack_publicize_feature_enabled":true,"jetpack_social_post_already_shared":true,"jetpack_social_options":{"image_generator_settings":{"template":"highway","default_image_id":0,"font":"","enabled":false},"version":2}},"categories":[1082],"tags":[],"class_list":["post-71677","post","type-post","status-publish","format-standard","has-post-thumbnail","hentry","category-tuxpan"],"jetpack_publicize_connections":[],"jetpack_featured_media_url":"https:\/\/i0.wp.com\/politicosaldesnudo.com.mx\/wp-content\/uploads\/2025\/09\/LIC.jpg?fit=1200%2C675&ssl=1","jetpack-related-posts":[],"jetpack_sharing_enabled":true,"_links":{"self":[{"href":"https:\/\/politicosaldesnudo.com.mx\/index.php\/wp-json\/wp\/v2\/posts\/71677","targetHints":{"allow":["GET"]}}],"collection":[{"href":"https:\/\/politicosaldesnudo.com.mx\/index.php\/wp-json\/wp\/v2\/posts"}],"about":[{"href":"https:\/\/politicosaldesnudo.com.mx\/index.php\/wp-json\/wp\/v2\/types\/post"}],"author":[{"embeddable":true,"href":"https:\/\/politicosaldesnudo.com.mx\/index.php\/wp-json\/wp\/v2\/users\/4"}],"replies":[{"embeddable":true,"href":"https:\/\/politicosaldesnudo.com.mx\/index.php\/wp-json\/wp\/v2\/comments?post=71677"}],"version-history":[{"count":0,"href":"https:\/\/politicosaldesnudo.com.mx\/index.php\/wp-json\/wp\/v2\/posts\/71677\/revisions"}],"wp:featuredmedia":[{"embeddable":true,"href":"https:\/\/politicosaldesnudo.com.mx\/index.php\/wp-json\/wp\/v2\/media\/71678"}],"wp:attachment":[{"href":"https:\/\/politicosaldesnudo.com.mx\/index.php\/wp-json\/wp\/v2\/media?parent=71677"}],"wp:term":[{"taxonomy":"category","embeddable":true,"href":"https:\/\/politicosaldesnudo.com.mx\/index.php\/wp-json\/wp\/v2\/categories?post=71677"},{"taxonomy":"post_tag","embeddable":true,"href":"https:\/\/politicosaldesnudo.com.mx\/index.php\/wp-json\/wp\/v2\/tags?post=71677"}],"curies":[{"name":"wp","href":"https:\/\/api.w.org\/{rel}","templated":true}]}}