{"id":71710,"date":"2025-09-27T00:12:43","date_gmt":"2025-09-27T06:12:43","guid":{"rendered":"https:\/\/politicosaldesnudo.com.mx\/?p=71710"},"modified":"2025-09-26T19:13:59","modified_gmt":"2025-09-27T01:13:59","slug":"cloudhq-invertira-4-mil-800-mdd-en-centro-de-ia-en-queretaro","status":"publish","type":"post","link":"https:\/\/politicosaldesnudo.com.mx\/index.php\/2025\/09\/27\/cloudhq-invertira-4-mil-800-mdd-en-centro-de-ia-en-queretaro\/","title":{"rendered":"CloudHQ invertir\u00e1 4 mil 800 mdd en centro de IA en Quer\u00e9taro"},"content":{"rendered":"<p class=\"nota-justify\">La empresa CloudHQ anunci\u00f3 una inversi\u00f3n de 4 mil 800 millones de d\u00f3lares para desarrollar un complejo en Quer\u00e9taro especializado en almacenamiento de datos e inteligencia artificial (IA), en el que podr\u00e1n ubicarse algunas de las principales compa\u00f1\u00edas ya asentadas en M\u00e9xico en estos rubros.<\/p>\n<p class=\"nota-justify\">Keith Patrick Harney, director operativo de la compa\u00f1\u00eda estadunidense, una de las mayores desarrolladoras de centros de datos a escala mundial, asever\u00f3 que con esta inversi\u00f3n expandir\u00e1n el campus que tienen en esa entidad durante el segundo trimestre de 2027. \u201cEstamos hablando de seis centros de datos en un terreno de 52 hect\u00e1reas\u201d, indic\u00f3.<\/p>\n<p class=\"nota-justify\">En la conferencia presidencial indic\u00f3 que los beneficios aumentan cuando se usa la IA, pues las empresas digitales que est\u00e1n alquilando est\u00e1n haciendo inversiones de tres a cinco veces mayores de \u201cnuestra propia inversi\u00f3n inicial\u201d.<\/p>\n<p class=\"nota-justify\">La presidenta Claudia Sheinbaum resalt\u00f3 la importancia de captar este tipo de inversiones no s\u00f3lo por el monto, sino por estar dirigido al desarrollo tecnol\u00f3gico en M\u00e9xico, particularmente en IA. \u201cSi M\u00e9xico quiere entrar en un proceso de avanzar en IA, necesitamos centros de datos. Para que haya un centro de datos se requiere mucha energ\u00eda; aqu\u00ed est\u00e1n hablando de 900 megavatios e iniciar con 200 megavatios. Tenemos un plan de crecimiento en los pr\u00f3ximos seis a\u00f1os de 26 mil megavatios en todo el pa\u00eds, adem\u00e1s de la capacidad instalada que se tiene ahora\u201d, explic\u00f3.<\/p>\n<p class=\"nota-justify\">Harney desestim\u00f3 que haya un entorno riesgoso para invertir en M\u00e9xico. \u201cNo estar\u00edamos invirtiendo este tipo de cantidades si hubiese un gran riesgo. Estamos tomando todo esto en cuenta en las etapas preparatorias; no lo estar\u00edamos haciendo si no estuvi\u00e9semos seguros de d\u00f3nde estamos\u201d, expres\u00f3.<\/p>\n<p class=\"nota-justify\">La presidenta Sheinbaum agreg\u00f3 que el objetivo es seguir avanzando en la digitalizaci\u00f3n de pagos en M\u00e9xico. Se\u00f1al\u00f3 que la banca mexicana tiene sus propios centros de datos; empresas como Telcel, por ejemplo, tiene uno muy grande. \u201cY nosotros queremos seguir impulsando centros de datos para que la gente pueda avanzar en la digitalizaci\u00f3n. Es uno de los proyectos que tenemos. Las tarjetas Finabien pueden entrar en este proceso de digitalizaci\u00f3n\u201d.<\/p>\n<p class=\"nota-justify\"><strong>Evaluaci\u00f3n profunda a empresas Immex: Ebrard<\/strong><\/p>\n<p class=\"nota-justify\">En la conferencia matutina, el secretario de Econom\u00eda, Marcelo Ebrard, inform\u00f3 que eval\u00faan cada empresa del programa de Industria Manufacturera, Maquiladora y de Servicio de Exportaci\u00f3n (Immex) \u201cporque ha habido mucha falsedad, mucho abuso\u201d.<\/p>\n<p class=\"nota-justify\">El programa Immex es una iniciativa del gobierno mexicano que permite a las empresas importar materias primas, componentes y maquinaria con un r\u00e9gimen fiscal y aduanero especial, sin pagar aranceles ni IVA, a fin de utilizar esas mercanc\u00edas en los procesos de producci\u00f3n y posteriormente de exportaci\u00f3n, a fin de facilitarles mayor competitividad.<\/p>\n<p class=\"nota-justify\">\u201cDetectamos muchas empresas que enga\u00f1an a la autoridad, traen productos supuestamente para exportaci\u00f3n y no son para eso\u201d.<\/p>\n<p class=\"nota-justify\">Precis\u00f3 que la administraci\u00f3n federal trabaja con los gobiernos estatales. Detall\u00f3 que va a tomar tiempo, pero \u201cse va a poner orden\u201d.<\/p>\n<p class=\"nota-justify\">Puso como ejemplo que checaron una empresa Immex con importaci\u00f3n en un a\u00f1o de 20 mil millones de pesos, pero con un nivel de exportaciones \u201cmuy menor\u201d.<\/p>\n<p class=\"nota-justify\">La indicaci\u00f3n que tenemos, sostuvo, \u201ces revisar el registro; todas las empresas\u201d. El secretario de Econom\u00eda adelant\u00f3 que pr\u00f3ximamente presentar\u00e1n el programa Immex 4.0, para mayor control.<\/p>\n","protected":false},"excerpt":{"rendered":"<p>La empresa CloudHQ anunci\u00f3 una inversi\u00f3n de 4 mil 800 millones de d\u00f3lares para desarrollar un complejo en Quer\u00e9taro especializado<\/p>\n","protected":false},"author":4,"featured_media":71711,"comment_status":"closed","ping_status":"closed","sticky":false,"template":"","format":"standard","meta":{"colormag_page_container_layout":"default_layout","colormag_page_sidebar_layout":"default_layout","_jetpack_memberships_contains_paid_content":false,"footnotes":"","jetpack_publicize_message":"","jetpack_publicize_feature_enabled":true,"jetpack_social_post_already_shared":true,"jetpack_social_options":{"image_generator_settings":{"template":"highway","default_image_id":0,"font":"","enabled":false},"version":2}},"categories":[2050],"tags":[],"class_list":["post-71710","post","type-post","status-publish","format-standard","has-post-thumbnail","hentry","category-economia"],"jetpack_publicize_connections":[],"jetpack_featured_media_url":"https:\/\/i0.wp.com\/politicosaldesnudo.com.mx\/wp-content\/uploads\/2025\/09\/EBR-1.jpg?fit=775%2C525&ssl=1","jetpack-related-posts":[],"jetpack_sharing_enabled":true,"_links":{"self":[{"href":"https:\/\/politicosaldesnudo.com.mx\/index.php\/wp-json\/wp\/v2\/posts\/71710","targetHints":{"allow":["GET"]}}],"collection":[{"href":"https:\/\/politicosaldesnudo.com.mx\/index.php\/wp-json\/wp\/v2\/posts"}],"about":[{"href":"https:\/\/politicosaldesnudo.com.mx\/index.php\/wp-json\/wp\/v2\/types\/post"}],"author":[{"embeddable":true,"href":"https:\/\/politicosaldesnudo.com.mx\/index.php\/wp-json\/wp\/v2\/users\/4"}],"replies":[{"embeddable":true,"href":"https:\/\/politicosaldesnudo.com.mx\/index.php\/wp-json\/wp\/v2\/comments?post=71710"}],"version-history":[{"count":0,"href":"https:\/\/politicosaldesnudo.com.mx\/index.php\/wp-json\/wp\/v2\/posts\/71710\/revisions"}],"wp:featuredmedia":[{"embeddable":true,"href":"https:\/\/politicosaldesnudo.com.mx\/index.php\/wp-json\/wp\/v2\/media\/71711"}],"wp:attachment":[{"href":"https:\/\/politicosaldesnudo.com.mx\/index.php\/wp-json\/wp\/v2\/media?parent=71710"}],"wp:term":[{"taxonomy":"category","embeddable":true,"href":"https:\/\/politicosaldesnudo.com.mx\/index.php\/wp-json\/wp\/v2\/categories?post=71710"},{"taxonomy":"post_tag","embeddable":true,"href":"https:\/\/politicosaldesnudo.com.mx\/index.php\/wp-json\/wp\/v2\/tags?post=71710"}],"curies":[{"name":"wp","href":"https:\/\/api.w.org\/{rel}","templated":true}]}}