{"id":71713,"date":"2025-09-27T00:13:15","date_gmt":"2025-09-27T06:13:15","guid":{"rendered":"https:\/\/politicosaldesnudo.com.mx\/?p=71713"},"modified":"2025-09-26T19:23:04","modified_gmt":"2025-09-27T01:23:04","slug":"atienden-a-mas-de-600-damnificados-por-lluvias-en-villa-comaltitlan-chiapas","status":"publish","type":"post","link":"https:\/\/politicosaldesnudo.com.mx\/index.php\/2025\/09\/27\/atienden-a-mas-de-600-damnificados-por-lluvias-en-villa-comaltitlan-chiapas\/","title":{"rendered":"Atienden a m\u00e1s de 600 damnificados por lluvias en Villa Comaltitl\u00e1n, Chiapas"},"content":{"rendered":"<p class=\"nota-justify\">Autoridades brindan atenci\u00f3n a m\u00e1s de 600 personas que resultaron damnificadas por las lluvias en los \u00faltimos d\u00edas en el municipio de Villa Comaltitl\u00e1n, en la costa de Chiapas, informaron fuentes oficiales.<\/p>\n<p class=\"nota-justify\">El edil Gerardo P\u00e9rez G\u00f3mez explic\u00f3 que en total 19 comunidades resintieron las afectaciones por el temporal, principalmente en la zona baja de la localidad.<\/p>\n<p class=\"nota-justify\">Asegur\u00f3 que de inmediato brigadas conformadas por instituciones de los tres \u00f3rdenes de gobierno desplegaron ayuda humanitaria para la poblaci\u00f3n afectada.<\/p>\n<p class=\"nota-justify\">\u201cHemos tenido todo el apoyo del Gobierno del Estado y del Gobierno Federal para atender las afectaciones en viviendas, caminos y cultivos\u201d, expres\u00f3.<\/p>\n<p class=\"nota-justify\">Mientras que en el municipio de Escuintla fueron liberados siete caminos saca cosechas que comunican a la Reserva de la Biosfera El Triunfo, en la regi\u00f3n Soconusco, donde se produce uno de los mejores caf\u00e9s org\u00e1nicos del pa\u00eds por sus pr\u00e1cticas sustentables.<\/p>\n<p class=\"nota-justify\">\u201cEsos caminos resultaron afectados por las lluvias del fin de semana pasado. Estamos prepar\u00e1ndonos porque ya viene el corte del caf\u00e9 el mes que entra\u201d, expres\u00f3 el alcalde de Escuintla, Carlos Gonz\u00e1lez Moreno.<\/p>\n<p class=\"nota-justify\">A\u00f1adi\u00f3 que se espera que el pr\u00f3ximo a\u00f1o se construya un puente entre los municipios de Escuintla, Acapetahua y Acacoyagua- el Puente Canutillo que colaps\u00f3 hace nueve a\u00f1os- y que beneficiar\u00e1 a productores de palma, mango, ganado y otros.<\/p>\n<p class=\"nota-justify\">En el primer a\u00f1o de gesti\u00f3n el edil destac\u00f3 que aunque la regi\u00f3n es rica en recursos h\u00eddricos, el servicio de agua es la principal demanda en las comunidades por lo que se est\u00e1 atendido con obras p\u00fablicas de posabilizaci\u00f3n, drenaje y alcantarillado.<\/p>\n<p class=\"nota-justify\">Reclaman construcci\u00f3n de puente colapsado en zona serrana de Tapachula.<\/p>\n<p class=\"nota-justify\">En Tapachula campesinos protestaron en la Unidad Administrativa, sede de oficinas del Gobierno del Estado, para exigir la inmediata reconstrucci\u00f3n de un puente que colaps\u00f3 con las lluvias del fin de semana pasado y cuya v\u00eda es la que comunica a los poblados de la sierra con la ciudad.<\/p>\n<p class=\"nota-justify\">Los informes urgieron la atenci\u00f3n gubernamental debido a que el pr\u00f3ximo mes inicia la cosecha de caf\u00e9, una de las principales actividades productivas de la zona y principal fuente de ingresos de miles de familias.<\/p>\n<p class=\"nota-justify\">\u201cVenimos a solicitar el puente de acceso para Chapultepec, no queremos nada m\u00e1s que el puente\u201d, expres\u00f3 uno de los inconformes.<\/p>\n<p class=\"nota-justify\">Agregaron que los caminos alternos est\u00e1n en p\u00e9simas condiciones y no son viables para el paso de los camiones que mueven la cosecha del arom\u00e1tico grano.<\/p>\n<p class=\"nota-justify\">\u201cTapachula es la capital econ\u00f3mica de Chiapas gracias a todo lo que se produce en nuestra regi\u00f3n y por eso es urgente que hagan ese puente para que pueda bajar toda la producci\u00f3n sin ning\u00fan problema y Tapachula tenga esa econom\u00eda\u201d, expuso una mujer durante la protesta.<\/p>\n","protected":false},"excerpt":{"rendered":"<p>Autoridades brindan atenci\u00f3n a m\u00e1s de 600 personas que resultaron damnificadas por las lluvias en los \u00faltimos d\u00edas en el<\/p>\n","protected":false},"author":4,"featured_media":71714,"comment_status":"closed","ping_status":"closed","sticky":false,"template":"","format":"standard","meta":{"colormag_page_container_layout":"default_layout","colormag_page_sidebar_layout":"default_layout","_jetpack_memberships_contains_paid_content":false,"footnotes":"","jetpack_publicize_message":"","jetpack_publicize_feature_enabled":true,"jetpack_social_post_already_shared":true,"jetpack_social_options":{"image_generator_settings":{"template":"highway","default_image_id":0,"font":"","enabled":false},"version":2}},"categories":[30],"tags":[],"class_list":["post-71713","post","type-post","status-publish","format-standard","has-post-thumbnail","hentry","category-estados"],"jetpack_publicize_connections":[],"jetpack_featured_media_url":"https:\/\/i0.wp.com\/politicosaldesnudo.com.mx\/wp-content\/uploads\/2025\/09\/DAMN.jpg?fit=749%2C451&ssl=1","jetpack-related-posts":[],"jetpack_sharing_enabled":true,"_links":{"self":[{"href":"https:\/\/politicosaldesnudo.com.mx\/index.php\/wp-json\/wp\/v2\/posts\/71713","targetHints":{"allow":["GET"]}}],"collection":[{"href":"https:\/\/politicosaldesnudo.com.mx\/index.php\/wp-json\/wp\/v2\/posts"}],"about":[{"href":"https:\/\/politicosaldesnudo.com.mx\/index.php\/wp-json\/wp\/v2\/types\/post"}],"author":[{"embeddable":true,"href":"https:\/\/politicosaldesnudo.com.mx\/index.php\/wp-json\/wp\/v2\/users\/4"}],"replies":[{"embeddable":true,"href":"https:\/\/politicosaldesnudo.com.mx\/index.php\/wp-json\/wp\/v2\/comments?post=71713"}],"version-history":[{"count":0,"href":"https:\/\/politicosaldesnudo.com.mx\/index.php\/wp-json\/wp\/v2\/posts\/71713\/revisions"}],"wp:featuredmedia":[{"embeddable":true,"href":"https:\/\/politicosaldesnudo.com.mx\/index.php\/wp-json\/wp\/v2\/media\/71714"}],"wp:attachment":[{"href":"https:\/\/politicosaldesnudo.com.mx\/index.php\/wp-json\/wp\/v2\/media?parent=71713"}],"wp:term":[{"taxonomy":"category","embeddable":true,"href":"https:\/\/politicosaldesnudo.com.mx\/index.php\/wp-json\/wp\/v2\/categories?post=71713"},{"taxonomy":"post_tag","embeddable":true,"href":"https:\/\/politicosaldesnudo.com.mx\/index.php\/wp-json\/wp\/v2\/tags?post=71713"}],"curies":[{"name":"wp","href":"https:\/\/api.w.org\/{rel}","templated":true}]}}