{"id":71716,"date":"2025-09-27T00:14:34","date_gmt":"2025-09-27T06:14:34","guid":{"rendered":"https:\/\/politicosaldesnudo.com.mx\/?p=71716"},"modified":"2025-09-26T19:27:52","modified_gmt":"2025-09-27T01:27:52","slug":"cfe-restablece-energia-electrica-casi-en-su-totalidad-en-yucatan-campeche-y-qr","status":"publish","type":"post","link":"https:\/\/politicosaldesnudo.com.mx\/index.php\/2025\/09\/27\/cfe-restablece-energia-electrica-casi-en-su-totalidad-en-yucatan-campeche-y-qr\/","title":{"rendered":"CFE restablece energ\u00eda el\u00e9ctrica casi en su totalidad en Yucat\u00e1n, Campeche y QR"},"content":{"rendered":"<p class=\"nota-justify\">El suministro de energ\u00eda se restableci\u00f3 en la Pen\u00ednsula de Yucat\u00e1n, despu\u00e9s de que por trabajos de mantenimiento en dos l\u00edneas de transmisi\u00f3n se interrumpi\u00f3 el servicio, informaron la Comisi\u00f3n Federal de Electricidad (CFE) y la Secretar\u00eda de Energ\u00eda (Sener).<\/p>\n<p>En un comunicado conjunto, la empresa p\u00fablica y la dependencia detallaron que la falta de energ\u00eda en los estados de Campeche, Yucat\u00e1n y Quintana Roo se deriv\u00f3 de trabajos de mantenimiento en las l\u00edneas de 400 kilovatios LT ESA A3Q20 \/ A3Q30 TIC con 2 mil 174 megavatios.<\/p>\n<p>Apunt\u00f3 que derivado de esto, salieron de operaci\u00f3n a las 14:19 horas, nueve centrales del Sureste con 16 unidades, lo que ocasion\u00f3 que 2 millones 262 mil usuarios en la Pen\u00ednsula de Yucat\u00e1n se quedaran sin el suministro.<\/p>\n<p>La CFE indic\u00f3 que de forma inmediata, el personal de la empresa p\u00fablica en coordinaci\u00f3n con el Centro Nacional de Control de Energ\u00eda (CENACE) inici\u00f3 los trabajos para restablecer el servicio.<\/p>\n<p>Apunt\u00f3 que a las 16:10 horas se restablecieron las l\u00edneas de 230 kilovatios de las subestaciones afectadas al igual que las de 400 kilovatios y se ha energizado a las ciudades de M\u00e9rida, Valladolid, Canc\u00fan, Ciudad del Carmen, Chetumal y se continuar\u00e1n restableciendo las condiciones para la totalidad del servicio a los usuarios afectados.<\/p>\n<p>Las tres dependencias indicaron que mantienen un monitoreo permanente de la situaci\u00f3n e informar\u00e1n sobre el avance de la normalizaci\u00f3n del servicio en la regi\u00f3n.<\/p>\n<p>Antes, a trav\u00e9s de sus redes sociales, la presidenta Claudia Sheinbaum anunci\u00f3 que \u201cla Comisi\u00f3n Federal de Electricidad ya restableci\u00f3 el servicio de energ\u00eda el\u00e9ctrica en la mayor parte de M\u00e9rida y Valladolid, Yucat\u00e1n. Tambi\u00e9n en Chetumal, Bacalar, \u00c1lvaro Obreg\u00f3n y Holbox, Quintana Roo, y la mayor\u00eda del estado de Campeche. Seguimos informando\u201d.<\/p>\n<p class=\"nota-justify\">M\u00e1s tarde, en un nuevo mensaje de redes sociales, Sheinbaum inform\u00f3 que \u201cCFE tambi\u00e9n restableci\u00f3 el servicio de energ\u00eda el\u00e9ctrica en Jos\u00e9 Mar\u00eda Morelos, Felipe Carrillo Puerto y Cozumel, en Quintana Roo, mientras que Canc\u00fan registra nueve por ciento de avance. Contin\u00faan los trabajos en Ticul, Yucat\u00e1n. Seguimos informando\u201d.<\/p>\n<p class=\"nota-justify\">Posteriormente, la gobernadora de Quinatan Roo, Mara Lezama actualiz\u00f3 la informaci\u00f3n y dijo que el servicio se restableci\u00f3 al 100 por ciento en Chetumal, Bacalar, Felipe Carrillo Puerto, Cozumel, L\u00e1zaro C\u00e1rdenas, con su isla Holbox, Isla Mujeres y Tulum.<\/p>\n<p>En Jos\u00e9 Mar\u00eda Morelos faltan algunas comunidades, en Canc\u00fan van al 23 por ciento de recuperaci\u00f3n, entre ese porcentaje est\u00e1 una parte de la zona hotelera, en Playa del Carmen ya se estableci\u00f3 el servicio al 50 por ciento , incluida la Riviera Maya, igual que Puerto Morelos.<\/p>\n<p>Los aeropuertos, con sus plantas de energ\u00eda el\u00e9ctrica operan de manera normal, no registran ning\u00fan retraso.<\/p>\n","protected":false},"excerpt":{"rendered":"<p>El suministro de energ\u00eda se restableci\u00f3 en la Pen\u00ednsula de Yucat\u00e1n, despu\u00e9s de que por trabajos de mantenimiento en dos<\/p>\n","protected":false},"author":4,"featured_media":71717,"comment_status":"closed","ping_status":"closed","sticky":false,"template":"","format":"standard","meta":{"colormag_page_container_layout":"default_layout","colormag_page_sidebar_layout":"default_layout","_jetpack_memberships_contains_paid_content":false,"footnotes":"","jetpack_publicize_message":"","jetpack_publicize_feature_enabled":true,"jetpack_social_post_already_shared":true,"jetpack_social_options":{"image_generator_settings":{"template":"highway","default_image_id":0,"font":"","enabled":false},"version":2}},"categories":[30],"tags":[],"class_list":["post-71716","post","type-post","status-publish","format-standard","has-post-thumbnail","hentry","category-estados"],"jetpack_publicize_connections":[],"jetpack_featured_media_url":"https:\/\/i0.wp.com\/politicosaldesnudo.com.mx\/wp-content\/uploads\/2025\/09\/CEFE-1.jpg?fit=779%2C520&ssl=1","jetpack-related-posts":[],"jetpack_sharing_enabled":true,"_links":{"self":[{"href":"https:\/\/politicosaldesnudo.com.mx\/index.php\/wp-json\/wp\/v2\/posts\/71716","targetHints":{"allow":["GET"]}}],"collection":[{"href":"https:\/\/politicosaldesnudo.com.mx\/index.php\/wp-json\/wp\/v2\/posts"}],"about":[{"href":"https:\/\/politicosaldesnudo.com.mx\/index.php\/wp-json\/wp\/v2\/types\/post"}],"author":[{"embeddable":true,"href":"https:\/\/politicosaldesnudo.com.mx\/index.php\/wp-json\/wp\/v2\/users\/4"}],"replies":[{"embeddable":true,"href":"https:\/\/politicosaldesnudo.com.mx\/index.php\/wp-json\/wp\/v2\/comments?post=71716"}],"version-history":[{"count":0,"href":"https:\/\/politicosaldesnudo.com.mx\/index.php\/wp-json\/wp\/v2\/posts\/71716\/revisions"}],"wp:featuredmedia":[{"embeddable":true,"href":"https:\/\/politicosaldesnudo.com.mx\/index.php\/wp-json\/wp\/v2\/media\/71717"}],"wp:attachment":[{"href":"https:\/\/politicosaldesnudo.com.mx\/index.php\/wp-json\/wp\/v2\/media?parent=71716"}],"wp:term":[{"taxonomy":"category","embeddable":true,"href":"https:\/\/politicosaldesnudo.com.mx\/index.php\/wp-json\/wp\/v2\/categories?post=71716"},{"taxonomy":"post_tag","embeddable":true,"href":"https:\/\/politicosaldesnudo.com.mx\/index.php\/wp-json\/wp\/v2\/tags?post=71716"}],"curies":[{"name":"wp","href":"https:\/\/api.w.org\/{rel}","templated":true}]}}