{"id":71728,"date":"2025-09-27T00:18:34","date_gmt":"2025-09-27T06:18:34","guid":{"rendered":"https:\/\/politicosaldesnudo.com.mx\/?p=71728"},"modified":"2025-09-26T19:39:42","modified_gmt":"2025-09-27T01:39:42","slug":"canciller-ruso-tilda-de-provocadora-la-actividad-militar-de-eu-contra-norcorea","status":"publish","type":"post","link":"https:\/\/politicosaldesnudo.com.mx\/index.php\/2025\/09\/27\/canciller-ruso-tilda-de-provocadora-la-actividad-militar-de-eu-contra-norcorea\/","title":{"rendered":"Canciller ruso tilda de \u201cprovocadora\u201d la actividad militar de EU contra Norcorea"},"content":{"rendered":"<p class=\"nota-justify\">El canciller ruso, Sergu\u00e9i Lavrov, en una reuni\u00f3n con su hom\u00f3logo surcoreano, Cho Hyun, se\u00f1al\u00f3 el car\u00e1cter provocador de la actividad militar de Estados Unidos y sus aliados contra Corea del Norte, inform\u00f3 este viernes la Canciller\u00eda de Rusia.<\/p>\n<p class=\"nota-justify\">Los altos diplom\u00e1ticos sostuvieron un encuentro en el marco del 80 periodo de sesiones de la Asamblea General de las Naciones Unidas\u200b\u200b\u200b.<\/p>\n<p class=\"nota-justify\">\u00abEn el contexto de la situaci\u00f3n en la pen\u00ednsula de Corea, Rusia se\u00f1al\u00f3 el car\u00e1cter provocador de la actividad militar de EU y sus aliados asi\u00e1ticos contra Corea del Norte, as\u00ed como conden\u00f3 su pol\u00edtica de intensificar las sanciones y la presi\u00f3n militar sobre Pyongyang\u00bb, indica el comunicado.<\/p>\n<p class=\"nota-justify\">Seg\u00fan Lavrov, para garantizar la paz y la estabilidad a largo plazo en el noreste asi\u00e1tico resulta inevitable retomar un di\u00e1logo de respeto mutuo, basado en la realidad actual de la pen\u00ednsula de Corea.<\/p>\n<p class=\"nota-justify\">El pasado 22 de septiembre, el l\u00edder norcoreano, Kim Jong-un, se mostr\u00f3 dispuesto a retomar el di\u00e1logo con EU a condici\u00f3n de que Washington abandone el tema de la desnuclearizaci\u00f3n de la pen\u00ednsula de Corea.<\/p>\n","protected":false},"excerpt":{"rendered":"<p>El canciller ruso, Sergu\u00e9i Lavrov, en una reuni\u00f3n con su hom\u00f3logo surcoreano, Cho Hyun, se\u00f1al\u00f3 el car\u00e1cter provocador de la<\/p>\n","protected":false},"author":4,"featured_media":71729,"comment_status":"closed","ping_status":"closed","sticky":false,"template":"","format":"standard","meta":{"colormag_page_container_layout":"default_layout","colormag_page_sidebar_layout":"default_layout","_jetpack_memberships_contains_paid_content":false,"footnotes":"","jetpack_publicize_message":"","jetpack_publicize_feature_enabled":true,"jetpack_social_post_already_shared":true,"jetpack_social_options":{"image_generator_settings":{"template":"highway","default_image_id":0,"font":"","enabled":false},"version":2}},"categories":[28],"tags":[],"class_list":["post-71728","post","type-post","status-publish","format-standard","has-post-thumbnail","hentry","category-internacional"],"jetpack_publicize_connections":[],"jetpack_featured_media_url":"https:\/\/i0.wp.com\/politicosaldesnudo.com.mx\/wp-content\/uploads\/2025\/09\/CANRU.jpg?fit=751%2C536&ssl=1","jetpack-related-posts":[],"jetpack_sharing_enabled":true,"_links":{"self":[{"href":"https:\/\/politicosaldesnudo.com.mx\/index.php\/wp-json\/wp\/v2\/posts\/71728","targetHints":{"allow":["GET"]}}],"collection":[{"href":"https:\/\/politicosaldesnudo.com.mx\/index.php\/wp-json\/wp\/v2\/posts"}],"about":[{"href":"https:\/\/politicosaldesnudo.com.mx\/index.php\/wp-json\/wp\/v2\/types\/post"}],"author":[{"embeddable":true,"href":"https:\/\/politicosaldesnudo.com.mx\/index.php\/wp-json\/wp\/v2\/users\/4"}],"replies":[{"embeddable":true,"href":"https:\/\/politicosaldesnudo.com.mx\/index.php\/wp-json\/wp\/v2\/comments?post=71728"}],"version-history":[{"count":0,"href":"https:\/\/politicosaldesnudo.com.mx\/index.php\/wp-json\/wp\/v2\/posts\/71728\/revisions"}],"wp:featuredmedia":[{"embeddable":true,"href":"https:\/\/politicosaldesnudo.com.mx\/index.php\/wp-json\/wp\/v2\/media\/71729"}],"wp:attachment":[{"href":"https:\/\/politicosaldesnudo.com.mx\/index.php\/wp-json\/wp\/v2\/media?parent=71728"}],"wp:term":[{"taxonomy":"category","embeddable":true,"href":"https:\/\/politicosaldesnudo.com.mx\/index.php\/wp-json\/wp\/v2\/categories?post=71728"},{"taxonomy":"post_tag","embeddable":true,"href":"https:\/\/politicosaldesnudo.com.mx\/index.php\/wp-json\/wp\/v2\/tags?post=71728"}],"curies":[{"name":"wp","href":"https:\/\/api.w.org\/{rel}","templated":true}]}}