{"id":71731,"date":"2025-09-27T00:19:28","date_gmt":"2025-09-27T06:19:28","guid":{"rendered":"https:\/\/politicosaldesnudo.com.mx\/?p=71731"},"modified":"2025-09-26T19:41:44","modified_gmt":"2025-09-27T01:41:44","slug":"crecen-llamados-para-que-la-onu-tenga-su-primera-secretaria-general-en-80-anos","status":"publish","type":"post","link":"https:\/\/politicosaldesnudo.com.mx\/index.php\/2025\/09\/27\/crecen-llamados-para-que-la-onu-tenga-su-primera-secretaria-general-en-80-anos\/","title":{"rendered":"Crecen llamados para que la ONU tenga su primera secretaria general en 80 a\u00f1os"},"content":{"rendered":"<p class=\"nota-justify\">En sus 80 a\u00f1os de historia, las Naciones Unidas nunca han tenido una mujer como secretaria general, un hecho que algunos l\u00edderes mundiales consideran ahora un s\u00edmbolo evidente de la desigualdad de g\u00e9nero en el m\u00e1s alto nivel de la diplomacia mundial.<\/p>\n<p class=\"nota-justify\">El secretario general, Antonio Guterres, concluir\u00e1 su segundo mandato de cinco a\u00f1os a finales de 2026, por lo que en la Asamblea General anual de la ONU celebrada esta semana algunos pidieron con insistencia que una mujer asuma el cargo.<\/p>\n<p class=\"nota-justify\">\u00abYa es hora de que una mujer sea elegida secretaria general de la ONU\u00bb, dijo Alar Karis, presidente de Estonia.<\/p>\n<p class=\"nota-justify\">\u00abNecesitamos proponer criterios de selecci\u00f3n ambiciosos, un calendario claro y garantizar un mayor papel de la Asamblea General en este proceso. Dada la actual crisis de credibilidad de la ONU, no podemos permitirnos quedarnos cortos en el proceso de selecci\u00f3n\u00bb.<\/p>\n<p class=\"nota-justify\">Las nueve personas que han ocupado el m\u00e1ximo cargo han sido hombres.<\/p>\n<p class=\"nota-justify\">La presidenta de Eslovenia, Nata\u0161a Pirc Musar, lament\u00f3 que solo cinco mujeres hayan ocupado durante un a\u00f1o la presidencia de la Asamblea General, incluida la de este a\u00f1o.<\/p>\n<p class=\"nota-justify\">\u00abAl final de este periodo de sesiones, deber\u00eda acompa\u00f1arla una se\u00f1ora secretaria general electa\u00bb, dijo Pirc Musar. \u00abHagamos historia\u00bb, a\u00f1adi\u00f3.<\/p>\n<p class=\"nota-justify\">El Consejo de Seguridad de 15 miembros, entre los que se encuentran las potencias con veto -Reino Unido, China, Francia, Rusia y Estados Unidos-, estudia una lista no revelada a puerta cerrada y recomienda un candidato para que sea elegido por la Asamblea General.<\/p>\n<p class=\"nota-justify\">Para impulsar la transparencia, la Asamblea General pidi\u00f3 en 2015 a su presidente y al del Consejo de Seguridad que invitaran a los miembros de la ONU a proponer candidatos, adem\u00e1s pidi\u00f3 que se distribuyeran peri\u00f3dicamente los nombres y curr\u00edculos de los candidatos a los Estados miembros.<\/p>\n<p class=\"nota-justify\">El presidente de Mongolia, Ukhnaagiin Kh\u00fcrels\u00fckh, dijo que \u00abgarantizar la igualdad de g\u00e9nero en los altos cargos de las Naciones Unidas tendr\u00e1 sin duda un impacto positivo en el fomento de procesos de toma de decisiones m\u00e1s transparentes, equilibrados e inclusivos\u00bb.<\/p>\n<p class=\"nota-justify\">El pr\u00f3ximo secretario general de la ONU ser\u00e1 elegido en 2026 para iniciar su mandato el 1 de enero de 2027.<\/p>\n","protected":false},"excerpt":{"rendered":"<p>En sus 80 a\u00f1os de historia, las Naciones Unidas nunca han tenido una mujer como secretaria general, un hecho que<\/p>\n","protected":false},"author":4,"featured_media":71732,"comment_status":"closed","ping_status":"closed","sticky":false,"template":"","format":"standard","meta":{"colormag_page_container_layout":"default_layout","colormag_page_sidebar_layout":"default_layout","_jetpack_memberships_contains_paid_content":false,"footnotes":"","jetpack_publicize_message":"","jetpack_publicize_feature_enabled":true,"jetpack_social_post_already_shared":true,"jetpack_social_options":{"image_generator_settings":{"template":"highway","default_image_id":0,"font":"","enabled":false},"version":2}},"categories":[28],"tags":[],"class_list":["post-71731","post","type-post","status-publish","format-standard","has-post-thumbnail","hentry","category-internacional"],"jetpack_publicize_connections":[],"jetpack_featured_media_url":"https:\/\/i0.wp.com\/politicosaldesnudo.com.mx\/wp-content\/uploads\/2025\/09\/SECRE.jpg?fit=742%2C515&ssl=1","jetpack-related-posts":[],"jetpack_sharing_enabled":true,"_links":{"self":[{"href":"https:\/\/politicosaldesnudo.com.mx\/index.php\/wp-json\/wp\/v2\/posts\/71731","targetHints":{"allow":["GET"]}}],"collection":[{"href":"https:\/\/politicosaldesnudo.com.mx\/index.php\/wp-json\/wp\/v2\/posts"}],"about":[{"href":"https:\/\/politicosaldesnudo.com.mx\/index.php\/wp-json\/wp\/v2\/types\/post"}],"author":[{"embeddable":true,"href":"https:\/\/politicosaldesnudo.com.mx\/index.php\/wp-json\/wp\/v2\/users\/4"}],"replies":[{"embeddable":true,"href":"https:\/\/politicosaldesnudo.com.mx\/index.php\/wp-json\/wp\/v2\/comments?post=71731"}],"version-history":[{"count":0,"href":"https:\/\/politicosaldesnudo.com.mx\/index.php\/wp-json\/wp\/v2\/posts\/71731\/revisions"}],"wp:featuredmedia":[{"embeddable":true,"href":"https:\/\/politicosaldesnudo.com.mx\/index.php\/wp-json\/wp\/v2\/media\/71732"}],"wp:attachment":[{"href":"https:\/\/politicosaldesnudo.com.mx\/index.php\/wp-json\/wp\/v2\/media?parent=71731"}],"wp:term":[{"taxonomy":"category","embeddable":true,"href":"https:\/\/politicosaldesnudo.com.mx\/index.php\/wp-json\/wp\/v2\/categories?post=71731"},{"taxonomy":"post_tag","embeddable":true,"href":"https:\/\/politicosaldesnudo.com.mx\/index.php\/wp-json\/wp\/v2\/tags?post=71731"}],"curies":[{"name":"wp","href":"https:\/\/api.w.org\/{rel}","templated":true}]}}