{"id":71734,"date":"2025-09-27T00:20:35","date_gmt":"2025-09-27T06:20:35","guid":{"rendered":"https:\/\/politicosaldesnudo.com.mx\/?p=71734"},"modified":"2025-09-26T19:43:42","modified_gmt":"2025-09-27T01:43:42","slug":"familias-de-rehenes-advierten-que-discurso-de-netanyahu-en-onu-pone-en-peligro-a-cautivos-en-gaza","status":"publish","type":"post","link":"https:\/\/politicosaldesnudo.com.mx\/index.php\/2025\/09\/27\/familias-de-rehenes-advierten-que-discurso-de-netanyahu-en-onu-pone-en-peligro-a-cautivos-en-gaza\/","title":{"rendered":"Familias de rehenes advierten que discurso de Netanyahu en ONU pone en peligro a cautivos en Gaza"},"content":{"rendered":"<p class=\"nota-justify\">El Foro de las familias de rehenes conden\u00f3 el viernes el llamado del primer ministro israel\u00ed, Benjamin Netanyahu, en la ONU para \u00abterminar el trabajo\u00bb en la Franja de Gaza, afirmando que pone en peligro a los secuestrados que siguen cautivos.<\/p>\n<p class=\"nota-justify\">\u00abCada d\u00eda que se prolonga la guerra pone en mayor peligro a los rehenes vivos y amenaza la recuperaci\u00f3n de los que fueron asesinados\u00bb, afirm\u00f3 en un comunicado este grupo, la principal organizaci\u00f3n israel\u00ed que congrega a los seres queridos de los cautivos.<\/p>\n<p class=\"nota-justify\">\u00abUna y otra vez, [Netanyahu] ha optado por desperdiciar todas las oportunidades de traerlos de vuelta a casa\u00bb, agreg\u00f3 la asociaci\u00f3n.<\/p>\n<p class=\"nota-justify\">Israel \u00abquiere terminar el trabajo\u00bb contra Hamas \u00ablo m\u00e1s r\u00e1pido posible\u00bb en la Franja de Gaza, sostuvo este viernes el primer ministro israel\u00ed en la ONU.<\/p>\n<p class=\"nota-justify\">Netanyahu tambi\u00e9n ley\u00f3 los nombres de algunos de los rehenes retenidos en Gaza, pero no de todos, lo que caus\u00f3 indignaci\u00f3n en el Foro de las familias.<\/p>\n<p class=\"nota-justify\">La asociaci\u00f3n lament\u00f3 que mientras el presidente estadounidense, Donald Trump reconoce \u00absistem\u00e1ticamente a todos los rehenes, vivos y muertos, Netanyahu eligi\u00f3 leer solo los nombres de los rehenes vivos\u00bb.<\/p>\n<p class=\"nota-justify\">La guerra en Gaza estall\u00f3 tras el asalto de Hamas en territorio israel\u00ed del 7 de octubre de 2023, cuando comandos islamistas mataron a 1.219 personas, la mayor\u00eda de ellas civiles, seg\u00fan un recuento de AFP basado en fuentes oficiales.<\/p>\n<p class=\"nota-justify\">Durante su asalto, los combatientes islamistas secuestraron a 251 personas, de las cuales 47 siguen cautivas en Gaza, entre ellas 25 que fueron declaradas muertas por el ej\u00e9rcito israel\u00ed.<\/p>\n<p class=\"nota-justify\">Los activistas tambi\u00e9n cuentan los restos de un soldado israel\u00ed muerto durante una guerra en Gaza en 2014.<\/p>\n<p class=\"nota-justify\">El Foro subray\u00f3 en el comunicado que \u00ablas familias de los 48 rehenes est\u00e1n indignadas por esta omisi\u00f3n. Hay 48 rehenes en Gaza, no 20\u00bb.<\/p>\n<p class=\"nota-justify\">\u00abLas palabras sin hechos no significan nada\u00bb, agreg\u00f3 el Foro. \u00abHa llegado el momento de honrar la voluntad del pueblo, de escuchar el llamado de Trump y de alcanzar un acuerdo inmediato para traer de vuelta a los 48 rehenes y poner fin a esta guerra antes de que sea demasiado tarde\u00bb.<\/p>\n<p class=\"nota-justify\">La campa\u00f1a de represalia israel\u00ed ya deja m\u00e1s de 65.500 fallecidos en Gaza, tambi\u00e9n civiles en su mayor parte, seg\u00fan cifras del Ministerio de Salud local, que la ONU considera fiables.<\/p>\n","protected":false},"excerpt":{"rendered":"<p>El Foro de las familias de rehenes conden\u00f3 el viernes el llamado del primer ministro israel\u00ed, Benjamin Netanyahu, en la<\/p>\n","protected":false},"author":4,"featured_media":71735,"comment_status":"closed","ping_status":"closed","sticky":false,"template":"","format":"standard","meta":{"colormag_page_container_layout":"default_layout","colormag_page_sidebar_layout":"default_layout","_jetpack_memberships_contains_paid_content":false,"footnotes":"","jetpack_publicize_message":"","jetpack_publicize_feature_enabled":true,"jetpack_social_post_already_shared":true,"jetpack_social_options":{"image_generator_settings":{"template":"highway","default_image_id":0,"font":"","enabled":false},"version":2}},"categories":[28],"tags":[],"class_list":["post-71734","post","type-post","status-publish","format-standard","has-post-thumbnail","hentry","category-internacional"],"jetpack_publicize_connections":[],"jetpack_featured_media_url":"https:\/\/i0.wp.com\/politicosaldesnudo.com.mx\/wp-content\/uploads\/2025\/09\/REHE.jpg?fit=755%2C512&ssl=1","jetpack-related-posts":[],"jetpack_sharing_enabled":true,"_links":{"self":[{"href":"https:\/\/politicosaldesnudo.com.mx\/index.php\/wp-json\/wp\/v2\/posts\/71734","targetHints":{"allow":["GET"]}}],"collection":[{"href":"https:\/\/politicosaldesnudo.com.mx\/index.php\/wp-json\/wp\/v2\/posts"}],"about":[{"href":"https:\/\/politicosaldesnudo.com.mx\/index.php\/wp-json\/wp\/v2\/types\/post"}],"author":[{"embeddable":true,"href":"https:\/\/politicosaldesnudo.com.mx\/index.php\/wp-json\/wp\/v2\/users\/4"}],"replies":[{"embeddable":true,"href":"https:\/\/politicosaldesnudo.com.mx\/index.php\/wp-json\/wp\/v2\/comments?post=71734"}],"version-history":[{"count":0,"href":"https:\/\/politicosaldesnudo.com.mx\/index.php\/wp-json\/wp\/v2\/posts\/71734\/revisions"}],"wp:featuredmedia":[{"embeddable":true,"href":"https:\/\/politicosaldesnudo.com.mx\/index.php\/wp-json\/wp\/v2\/media\/71735"}],"wp:attachment":[{"href":"https:\/\/politicosaldesnudo.com.mx\/index.php\/wp-json\/wp\/v2\/media?parent=71734"}],"wp:term":[{"taxonomy":"category","embeddable":true,"href":"https:\/\/politicosaldesnudo.com.mx\/index.php\/wp-json\/wp\/v2\/categories?post=71734"},{"taxonomy":"post_tag","embeddable":true,"href":"https:\/\/politicosaldesnudo.com.mx\/index.php\/wp-json\/wp\/v2\/tags?post=71734"}],"curies":[{"name":"wp","href":"https:\/\/api.w.org\/{rel}","templated":true}]}}