{"id":71743,"date":"2025-09-26T20:27:34","date_gmt":"2025-09-27T02:27:34","guid":{"rendered":"https:\/\/politicosaldesnudo.com.mx\/?p=71743"},"modified":"2025-09-28T20:29:10","modified_gmt":"2025-09-29T02:29:10","slug":"congreso-otorga-la-medalla-heberto-castillo-martinez-2025-a-la-senadora-gloria-sanchez-hernandez","status":"publish","type":"post","link":"https:\/\/politicosaldesnudo.com.mx\/index.php\/2025\/09\/26\/congreso-otorga-la-medalla-heberto-castillo-martinez-2025-a-la-senadora-gloria-sanchez-hernandez\/","title":{"rendered":"Congreso otorga la Medalla \u201cHeberto Castillo Mart\u00ednez 2025\u201d  a la senadora Gloria S\u00e1nchez Hern\u00e1ndez"},"content":{"rendered":"<p style=\"font-weight: 400;\">Por unanimidad de votos, el Congreso del Estado de Veracruz aprob\u00f3 en sesi\u00f3n de este jueves otorgar la Medalla \u201cHeberto Castillo Mart\u00ednez 2025\u201d a la maestra y senadora xalape\u00f1a Gloria S\u00e1nchez Hern\u00e1ndez, en reconocimiento a su trayectoria en la docencia, la investigaci\u00f3n educativa y su labor legislativa a favor de la equidad en el sistema educativo. Los 42 diputados locales avalaron la propuesta en sesi\u00f3n ordinaria, destacando la relevancia de la galardonada como figura acad\u00e9mica y pol\u00edtica.<\/p>\n<p style=\"font-weight: 400;\">El acuerdo se tom\u00f3 tras comprobar que S\u00e1nchez Hern\u00e1ndez cumple con los criterios establecidos por la Legislatura para recibir la presea, al haber impulsado reformas en materia educativa y defendido el legado \u00e9tico y pol\u00edtico de Heberto Castillo Mart\u00ednez, de quien fue disc\u00edpula. La entrega formal de la medalla se realizar\u00e1 en sesi\u00f3n solemne en el recinto legislativo de Xalapa.<\/p>\n<p style=\"font-weight: 400;\">Gloria S\u00e1nchez Hern\u00e1ndez, originaria de la capital veracruzana, es profesora de la Benem\u00e9rita Escuela Normal Veracruzana, donde fund\u00f3 c\u00e1tedra, presidi\u00f3 academia y desarroll\u00f3 investigaciones sobre pedagog\u00eda multigrado, un \u00e1rea clave para comunidades rurales con condiciones de rezago. Su experiencia trascendi\u00f3 las fronteras del pa\u00eds al colaborar con la UNESCO en Nicaragua, donde particip\u00f3 en programas de formaci\u00f3n docente con enfoque de inclusi\u00f3n y desarrollo comunitario.<\/p>\n<p style=\"font-weight: 400;\">Su labor como formadora de maestras y maestros ha sido reconocida por instituciones nacionales e internacionales. Entre otras distinciones, recibi\u00f3 la Medalla de la Amistad por parte del gobierno de Cuba, adem\u00e1s de homenajes en instituciones educativas que han resaltado su compromiso con la ciencia aplicada a la ense\u00f1anza.<\/p>\n<p style=\"font-weight: 400;\">Como senadora, S\u00e1nchez Hern\u00e1ndez promovi\u00f3 reformas a la Ley General de Educaci\u00f3n con tres ejes principales: inclusi\u00f3n de personas con discapacidad, fortalecimiento de la educaci\u00f3n dual y vinculaci\u00f3n de la ense\u00f1anza con la formaci\u00f3n para el trabajo. Estas iniciativas, seg\u00fan expuso en tribuna en distintas ocasiones, buscaban \u201cromper inercias en un sistema educativo que excluye a quienes m\u00e1s apoyo necesitan\u201d.<\/p>\n<p style=\"font-weight: 400;\">La Comisi\u00f3n de Educaci\u00f3n del Senado reconoci\u00f3 su participaci\u00f3n en mesas de trabajo donde logr\u00f3 articular a especialistas, colectivos de familias y acad\u00e9micos. Testimonios recabados por el Congreso de Veracruz se\u00f1alan que estas reformas permitieron dar mayor visibilidad a sectores hist\u00f3ricamente marginados y abrir rutas hacia un modelo de ense\u00f1anza m\u00e1s equitativo.<\/p>\n<p style=\"font-weight: 400;\">Disc\u00edpula del ingeniero y pol\u00edtico Heberto Castillo Mart\u00ednez, S\u00e1nchez Hern\u00e1ndez ha insistido en que \u201cla pol\u00edtica debe asumirse como un servicio \u00e9tico, no como un privilegio\u201d. Con esa premisa, particip\u00f3 en la fundaci\u00f3n de partidos como el Partido Mexicano de los Trabajadores (PMT) y posteriormente en el Movimiento de Regeneraci\u00f3n Nacional (Morena), espacios desde los cuales trabaj\u00f3 por la democratizaci\u00f3n del pa\u00eds.<\/p>\n<p style=\"font-weight: 400;\">La senadora tambi\u00e9n fue promotora de que el nombre de Heberto Castillo quedara inscrito en el Muro de Honor del Senado de la Rep\u00fablica, gesto que consider\u00f3 indispensable para reconocer a quienes combinaron la ciencia con la conciencia y la justicia social. Adem\u00e1s, ha organizado homenajes, foros y concursos dirigidos a j\u00f3venes con el prop\u00f3sito de mantener vigente el pensamiento cr\u00edtico de su mentor.<\/p>\n<p style=\"font-weight: 400;\">Durante la sesi\u00f3n ordinaria de este jueves, diputados de distintas fuerzas pol\u00edticas coincidieron en que la elecci\u00f3n de S\u00e1nchez Hern\u00e1ndez fue un\u00e1nime por m\u00e9ritos verificables y trayectoria intachable. Legisladores de la bancada mayoritaria subrayaron que la profesora encarna los valores de justicia y democracia que distinguieron a Heberto Castillo, mientras que representantes de la oposici\u00f3n reconocieron su capacidad de di\u00e1logo y su defensa de la educaci\u00f3n p\u00fablica.<\/p>\n<p style=\"font-weight: 400;\">El diputado presidente de la Mesa Directiva, en su intervenci\u00f3n, sostuvo que la decisi\u00f3n \u201cno responde a cuotas ni a conveniencias pol\u00edticas, sino a la evidencia de una vida entregada a la docencia, la investigaci\u00f3n y la construcci\u00f3n democr\u00e1tica\u201d.<\/p>\n<p style=\"font-weight: 400;\">La Medalla \u201cHeberto Castillo Mart\u00ednez\u201d fue instituida por el Congreso de Veracruz para reconocer a ciudadanas y ciudadanos que, desde la ciencia, la educaci\u00f3n o la pol\u00edtica, encarnen los principios de justicia social y compromiso con el pueblo. En ediciones anteriores, la presea ha sido entregada a investigadores, acad\u00e9micos y luchadores sociales de distintas regiones del pa\u00eds.<\/p>\n<p style=\"font-weight: 400;\">En el caso de S\u00e1nchez Hern\u00e1ndez, el reconocimiento adquiere un matiz simb\u00f3lico adicional: se trata de una disc\u00edpula directa del propio Castillo, que ha dedicado d\u00e9cadas a preservar su pensamiento y a difundir la necesidad de unir saber acad\u00e9mico con responsabilidad pol\u00edtica.<\/p>\n<p style=\"font-weight: 400;\">M\u00e1s all\u00e1 de las distinciones, la senadora ha reiterado en entrevistas que su prioridad sigue siendo la defensa de la educaci\u00f3n p\u00fablica como herramienta de equidad. En diversas ocasiones ha declarado que \u201cninguna medalla sustituye el compromiso diario en las aulas y en el servicio al pueblo\u201d.<\/p>\n<p style=\"font-weight: 400;\">La ceremonia de entrega de la Medalla \u201cHeberto Castillo Mart\u00ednez 2025\u201d est\u00e1 programada para realizarse en octubre, en el pleno del Congreso del Estado. Se prev\u00e9 la asistencia de representantes del sector educativo, organizaciones sociales y familiares de Heberto Castillo, en lo que se anticipa como un acto solemne de reconocimiento a una vida marcada por la docencia, la investigaci\u00f3n y el compromiso pol\u00edtico.<\/p>\n<p><img data-recalc-dims=\"1\" loading=\"lazy\" decoding=\"async\" class=\"aligncenter size-full wp-image-71565\" src=\"https:\/\/i0.wp.com\/politicosaldesnudo.com.mx\/wp-content\/uploads\/2025\/09\/FIRMA-EDITORIAL-PD-7.jpg?resize=800%2C98&#038;ssl=1\" alt=\"\" width=\"800\" height=\"98\" srcset=\"https:\/\/i0.wp.com\/politicosaldesnudo.com.mx\/wp-content\/uploads\/2025\/09\/FIRMA-EDITORIAL-PD-7.jpg?w=1024&amp;ssl=1 1024w, https:\/\/i0.wp.com\/politicosaldesnudo.com.mx\/wp-content\/uploads\/2025\/09\/FIRMA-EDITORIAL-PD-7.jpg?resize=300%2C37&amp;ssl=1 300w, https:\/\/i0.wp.com\/politicosaldesnudo.com.mx\/wp-content\/uploads\/2025\/09\/FIRMA-EDITORIAL-PD-7.jpg?resize=768%2C94&amp;ssl=1 768w\" sizes=\"auto, (max-width: 800px) 100vw, 800px\" \/><\/p>\n","protected":false},"excerpt":{"rendered":"<p>Por unanimidad de votos, el Congreso del Estado de Veracruz aprob\u00f3 en sesi\u00f3n de este jueves otorgar la Medalla \u201cHeberto<\/p>\n","protected":false},"author":4,"featured_media":46060,"comment_status":"closed","ping_status":"closed","sticky":false,"template":"","format":"standard","meta":{"colormag_page_container_layout":"default_layout","colormag_page_sidebar_layout":"default_layout","_jetpack_memberships_contains_paid_content":false,"footnotes":"","jetpack_publicize_message":"","jetpack_publicize_feature_enabled":true,"jetpack_social_post_already_shared":true,"jetpack_social_options":{"image_generator_settings":{"template":"highway","default_image_id":0,"font":"","enabled":false},"version":2}},"categories":[26],"tags":[],"class_list":["post-71743","post","type-post","status-publish","format-standard","has-post-thumbnail","hentry","category-columnistas"],"jetpack_publicize_connections":[],"jetpack_featured_media_url":"https:\/\/i0.wp.com\/politicosaldesnudo.com.mx\/wp-content\/uploads\/2024\/09\/CRISTIANI-2.jpg?fit=800%2C445&ssl=1","jetpack-related-posts":[],"jetpack_sharing_enabled":true,"_links":{"self":[{"href":"https:\/\/politicosaldesnudo.com.mx\/index.php\/wp-json\/wp\/v2\/posts\/71743","targetHints":{"allow":["GET"]}}],"collection":[{"href":"https:\/\/politicosaldesnudo.com.mx\/index.php\/wp-json\/wp\/v2\/posts"}],"about":[{"href":"https:\/\/politicosaldesnudo.com.mx\/index.php\/wp-json\/wp\/v2\/types\/post"}],"author":[{"embeddable":true,"href":"https:\/\/politicosaldesnudo.com.mx\/index.php\/wp-json\/wp\/v2\/users\/4"}],"replies":[{"embeddable":true,"href":"https:\/\/politicosaldesnudo.com.mx\/index.php\/wp-json\/wp\/v2\/comments?post=71743"}],"version-history":[{"count":0,"href":"https:\/\/politicosaldesnudo.com.mx\/index.php\/wp-json\/wp\/v2\/posts\/71743\/revisions"}],"wp:featuredmedia":[{"embeddable":true,"href":"https:\/\/politicosaldesnudo.com.mx\/index.php\/wp-json\/wp\/v2\/media\/46060"}],"wp:attachment":[{"href":"https:\/\/politicosaldesnudo.com.mx\/index.php\/wp-json\/wp\/v2\/media?parent=71743"}],"wp:term":[{"taxonomy":"category","embeddable":true,"href":"https:\/\/politicosaldesnudo.com.mx\/index.php\/wp-json\/wp\/v2\/categories?post=71743"},{"taxonomy":"post_tag","embeddable":true,"href":"https:\/\/politicosaldesnudo.com.mx\/index.php\/wp-json\/wp\/v2\/tags?post=71743"}],"curies":[{"name":"wp","href":"https:\/\/api.w.org\/{rel}","templated":true}]}}