{"id":71747,"date":"2025-09-29T00:01:05","date_gmt":"2025-09-29T06:01:05","guid":{"rendered":"https:\/\/politicosaldesnudo.com.mx\/?p=71747"},"modified":"2025-09-28T22:05:55","modified_gmt":"2025-09-29T04:05:55","slug":"inicia-la-batalla-contra-el-dengue-en-la-jurisdiccion-sanitaria","status":"publish","type":"post","link":"https:\/\/politicosaldesnudo.com.mx\/index.php\/2025\/09\/29\/inicia-la-batalla-contra-el-dengue-en-la-jurisdiccion-sanitaria\/","title":{"rendered":"Inicia la Batalla Contra el Dengue en la Jurisdicci\u00f3n Sanitaria"},"content":{"rendered":"<p>La Jurisdicci\u00f3n Sanitaria con sede en Tuxpan ha puesto en marcha de manera formal sus intensas Jornadas de Eliminaci\u00f3n del Dengue, abarcando con estas acciones preventivas y de combate a la proliferaci\u00f3n del mosquito Aedes aegypti toda su \u00e1rea de influencia. Estas jornadas son una respuesta directa al panorama epidemiol\u00f3gico actual y buscan proteger la salud de la poblaci\u00f3n a trav\u00e9s de la reducci\u00f3n dr\u00e1stica de los criaderos del vector transmisor de enfermedades como el dengue, zika y chikungunya.<\/p>\n<p>El programa de actividades incluye diversas estrategias clave para el control vectorial. Se intensifican las labores de fumigaci\u00f3n en colonias y calles consideradas de alto riesgo, complementadas con operativos de descacharrizaci\u00f3n para eliminar objetos que puedan acumular agua estancada. Adem\u00e1s, brigadas de personal de vectores realizan recorridos casa por casa para aplicar larvicida (abate) en dep\u00f3sitos de agua como tinacos y cisternas, asegurando as\u00ed un control efectivo en los hogares.<br \/>\nSimult\u00e1neamente a las acciones de saneamiento ambiental, las autoridades de salud est\u00e1n llevando a cabo campa\u00f1as de concientizaci\u00f3n y promoci\u00f3n de la salud. Estas buscan educar a los ciudadanos sobre la importancia de la participaci\u00f3n activa, siguiendo la estrategia de \u00abLava, Tapa, Voltea y Tira\u00bb para mantener sus patios y viviendas libres de criaderos. Se enfatiza que la colaboraci\u00f3n de la sociedad es fundamental para el \u00e9xito de estas jornadas y para mantener a raya la incidencia de casos.<br \/>\nCon el arranque de estas jornadas, la Jurisdicci\u00f3n Sanitaria de Tuxpan reafirma su compromiso con la salud p\u00fablica en la regi\u00f3n. Se hace un llamado urgente a toda la ciudadan\u00eda a sumarse a estas tareas de prevenci\u00f3n, colaborando con el personal de salud y atendiendo las indicaciones para evitar que el mosquito transmisor complete su ciclo de vida.<\/p>\n","protected":false},"excerpt":{"rendered":"<p>La Jurisdicci\u00f3n Sanitaria con sede en Tuxpan ha puesto en marcha de manera formal sus intensas Jornadas de Eliminaci\u00f3n del<\/p>\n","protected":false},"author":4,"featured_media":71748,"comment_status":"closed","ping_status":"closed","sticky":false,"template":"","format":"standard","meta":{"colormag_page_container_layout":"default_layout","colormag_page_sidebar_layout":"default_layout","_jetpack_memberships_contains_paid_content":false,"footnotes":"","jetpack_publicize_message":"","jetpack_publicize_feature_enabled":true,"jetpack_social_post_already_shared":true,"jetpack_social_options":{"image_generator_settings":{"template":"highway","default_image_id":0,"font":"","enabled":false},"version":2}},"categories":[1082],"tags":[],"class_list":["post-71747","post","type-post","status-publish","format-standard","has-post-thumbnail","hentry","category-tuxpan"],"jetpack_publicize_connections":[],"jetpack_featured_media_url":"https:\/\/i0.wp.com\/politicosaldesnudo.com.mx\/wp-content\/uploads\/2025\/09\/WhatsApp-Image-2025-09-28-at-18.31.51-1.jpg?fit=1286%2C760&ssl=1","jetpack-related-posts":[],"jetpack_sharing_enabled":true,"_links":{"self":[{"href":"https:\/\/politicosaldesnudo.com.mx\/index.php\/wp-json\/wp\/v2\/posts\/71747","targetHints":{"allow":["GET"]}}],"collection":[{"href":"https:\/\/politicosaldesnudo.com.mx\/index.php\/wp-json\/wp\/v2\/posts"}],"about":[{"href":"https:\/\/politicosaldesnudo.com.mx\/index.php\/wp-json\/wp\/v2\/types\/post"}],"author":[{"embeddable":true,"href":"https:\/\/politicosaldesnudo.com.mx\/index.php\/wp-json\/wp\/v2\/users\/4"}],"replies":[{"embeddable":true,"href":"https:\/\/politicosaldesnudo.com.mx\/index.php\/wp-json\/wp\/v2\/comments?post=71747"}],"version-history":[{"count":0,"href":"https:\/\/politicosaldesnudo.com.mx\/index.php\/wp-json\/wp\/v2\/posts\/71747\/revisions"}],"wp:featuredmedia":[{"embeddable":true,"href":"https:\/\/politicosaldesnudo.com.mx\/index.php\/wp-json\/wp\/v2\/media\/71748"}],"wp:attachment":[{"href":"https:\/\/politicosaldesnudo.com.mx\/index.php\/wp-json\/wp\/v2\/media?parent=71747"}],"wp:term":[{"taxonomy":"category","embeddable":true,"href":"https:\/\/politicosaldesnudo.com.mx\/index.php\/wp-json\/wp\/v2\/categories?post=71747"},{"taxonomy":"post_tag","embeddable":true,"href":"https:\/\/politicosaldesnudo.com.mx\/index.php\/wp-json\/wp\/v2\/tags?post=71747"}],"curies":[{"name":"wp","href":"https:\/\/api.w.org\/{rel}","templated":true}]}}