{"id":71753,"date":"2025-09-29T00:03:11","date_gmt":"2025-09-29T06:03:11","guid":{"rendered":"https:\/\/politicosaldesnudo.com.mx\/?p=71753"},"modified":"2025-09-28T22:08:44","modified_gmt":"2025-09-29T04:08:44","slug":"electrocardiogramas-gratuitos-en-el-dif-tuxpan-por-el-dia-mundial-del-corazon","status":"publish","type":"post","link":"https:\/\/politicosaldesnudo.com.mx\/index.php\/2025\/09\/29\/electrocardiogramas-gratuitos-en-el-dif-tuxpan-por-el-dia-mundial-del-corazon\/","title":{"rendered":"Electrocardiogramas Gratuitos en el DIF Tuxpan por el D\u00eda Mundial del Coraz\u00f3n"},"content":{"rendered":"<p>En un esfuerzo por promover la salud cardiovascular en la comunidad, el Sistema DIF Tuxpan anuncia que este lunes 29 de septiembre estar\u00e1 llevando a cabo una jornada de estudios de electrocardiograma (ECG) totalmente gratuitos.<\/p>\n<p>Esta iniciativa se enmarca en la conmemoraci\u00f3n del D\u00eda Mundial del Coraz\u00f3n, buscando concientizar a la poblaci\u00f3n sobre la importancia del cuidado y bienestar de este \u00f3rgano vital. Los estudios se realizar\u00e1n en las instalaciones del Servicio M\u00e9dico del DIF en dos bloques de horario: de 9:00 a 15:00 horas y de 16:00 a 20:00 horas.<\/p>\n<p>La campa\u00f1a de salud se alinea con el lema de este a\u00f1o para el D\u00eda Mundial del Coraz\u00f3n: \u201cDa Poder a tu Vida\u201d. Este mensaje resalta c\u00f3mo el mantenimiento de un coraz\u00f3n sano es fundamental para una vida plena e \u00edntegra, invitando a los ciudadanos a tomar medidas proactivas para evaluar y proteger su salud. El electrocardiograma es una herramienta clave para detectar posibles arritmias o problemas cardiacos que, de ser identificados a tiempo, pueden ser tratados eficazmente.<\/p>\n<p>Una de las facilidades m\u00e1s destacadas de esta jornada es que no se requiere cita previa para ser atendido. Los interesados ser\u00e1n asistidos conforme vayan llegando a las instalaciones del DIF Tuxpan. Esta modalidad de atenci\u00f3n por orden de llegada busca optimizar el acceso para la mayor cantidad de personas posible, eliminando barreras administrativas que a menudo dificultan la participaci\u00f3n en campa\u00f1as de salud preventiva.<\/p>\n<p>No obstante, las autoridades del DIF han informado que, debido a la alta demanda que se espera, la campa\u00f1a contar\u00e1 con un cupo limitado. Por ello, se recomienda a la ciudadan\u00eda acudir a las instalaciones con la mayor antelaci\u00f3n posible dentro de los horarios establecidos para asegurar su lugar y poder beneficiarse de este servicio m\u00e9dico gratuito y vital para la detecci\u00f3n temprana de enfermedades cardiovasculares.<\/p>\n","protected":false},"excerpt":{"rendered":"<p>En un esfuerzo por promover la salud cardiovascular en la comunidad, el Sistema DIF Tuxpan anuncia que este lunes 29<\/p>\n","protected":false},"author":4,"featured_media":71754,"comment_status":"closed","ping_status":"closed","sticky":false,"template":"","format":"standard","meta":{"colormag_page_container_layout":"default_layout","colormag_page_sidebar_layout":"default_layout","_jetpack_memberships_contains_paid_content":false,"footnotes":"","jetpack_publicize_message":"","jetpack_publicize_feature_enabled":true,"jetpack_social_post_already_shared":true,"jetpack_social_options":{"image_generator_settings":{"template":"highway","default_image_id":0,"font":"","enabled":false},"version":2}},"categories":[1082],"tags":[],"class_list":["post-71753","post","type-post","status-publish","format-standard","has-post-thumbnail","hentry","category-tuxpan"],"jetpack_publicize_connections":[],"jetpack_featured_media_url":"https:\/\/i0.wp.com\/politicosaldesnudo.com.mx\/wp-content\/uploads\/2025\/09\/WhatsApp-Image-2025-09-28-at-17.25.25.jpg?fit=1286%2C857&ssl=1","jetpack-related-posts":[],"jetpack_sharing_enabled":true,"_links":{"self":[{"href":"https:\/\/politicosaldesnudo.com.mx\/index.php\/wp-json\/wp\/v2\/posts\/71753","targetHints":{"allow":["GET"]}}],"collection":[{"href":"https:\/\/politicosaldesnudo.com.mx\/index.php\/wp-json\/wp\/v2\/posts"}],"about":[{"href":"https:\/\/politicosaldesnudo.com.mx\/index.php\/wp-json\/wp\/v2\/types\/post"}],"author":[{"embeddable":true,"href":"https:\/\/politicosaldesnudo.com.mx\/index.php\/wp-json\/wp\/v2\/users\/4"}],"replies":[{"embeddable":true,"href":"https:\/\/politicosaldesnudo.com.mx\/index.php\/wp-json\/wp\/v2\/comments?post=71753"}],"version-history":[{"count":0,"href":"https:\/\/politicosaldesnudo.com.mx\/index.php\/wp-json\/wp\/v2\/posts\/71753\/revisions"}],"wp:featuredmedia":[{"embeddable":true,"href":"https:\/\/politicosaldesnudo.com.mx\/index.php\/wp-json\/wp\/v2\/media\/71754"}],"wp:attachment":[{"href":"https:\/\/politicosaldesnudo.com.mx\/index.php\/wp-json\/wp\/v2\/media?parent=71753"}],"wp:term":[{"taxonomy":"category","embeddable":true,"href":"https:\/\/politicosaldesnudo.com.mx\/index.php\/wp-json\/wp\/v2\/categories?post=71753"},{"taxonomy":"post_tag","embeddable":true,"href":"https:\/\/politicosaldesnudo.com.mx\/index.php\/wp-json\/wp\/v2\/tags?post=71753"}],"curies":[{"name":"wp","href":"https:\/\/api.w.org\/{rel}","templated":true}]}}