{"id":71756,"date":"2025-09-29T00:04:08","date_gmt":"2025-09-29T06:04:08","guid":{"rendered":"https:\/\/politicosaldesnudo.com.mx\/?p=71756"},"modified":"2025-09-28T22:09:36","modified_gmt":"2025-09-29T04:09:36","slug":"daniel-cortina-recibe-en-tuxpan-al-grupo-internacional-de-motociclismo-ammot","status":"publish","type":"post","link":"https:\/\/politicosaldesnudo.com.mx\/index.php\/2025\/09\/29\/daniel-cortina-recibe-en-tuxpan-al-grupo-internacional-de-motociclismo-ammot\/","title":{"rendered":"Daniel Cortina recibe en Tuxpan al grupo internacional de motociclismo AMMOT"},"content":{"rendered":"<p>En el D\u00eda Mundial del Turismo, el diputado local y presidente municipal electo, Daniel Cortina Mart\u00ednez, se reuni\u00f3 con el grupo internacional Motoclub Amigos Motociclistas (AMMOT), quien este fin de semana tuvo una concentraci\u00f3n en Tuxpan.<\/p>\n<p>\u201cSu visita nos recuerda que viajar es m\u00e1s que recorrer caminos: es descubrir lugares, conectar con personas y vivir experiencias \u00fanicas\u201d, se\u00f1al\u00f3 Cortina Mart\u00ednez a los visitantes.<\/p>\n<p>A\u00f1adi\u00f3 que es un orgullo saber que Tuxpan es un destino que enamora a quienes lo visitan por su belleza, su cultura y la calidez de su gente.<\/p>\n<p>Reunidos en el parque Ribere\u00f1o, el pr\u00f3ximo alcalde destac\u00f3 que, durante su gesti\u00f3n, las puertas de la ciudad siempre estar\u00e1n abiertas para recibir a este gremio de motociclistas y a cualquier otro que promueva el turismo y la econom\u00eda local.<\/p>\n<p>\u201cSus concentraciones generan una importante derrama econ\u00f3mica en hoteles, restaurantes, gasolineras y otros comercios locales; adem\u00e1s, fomentan el encuentro entre personas que les apasiona el motociclismo\u201d, concluy\u00f3 el legislador tuxpe\u00f1o.<\/p>\n","protected":false},"excerpt":{"rendered":"<p>En el D\u00eda Mundial del Turismo, el diputado local y presidente municipal electo, Daniel Cortina Mart\u00ednez, se reuni\u00f3 con el<\/p>\n","protected":false},"author":4,"featured_media":71757,"comment_status":"closed","ping_status":"closed","sticky":false,"template":"","format":"standard","meta":{"colormag_page_container_layout":"default_layout","colormag_page_sidebar_layout":"default_layout","_jetpack_memberships_contains_paid_content":false,"footnotes":"","jetpack_publicize_message":"","jetpack_publicize_feature_enabled":true,"jetpack_social_post_already_shared":true,"jetpack_social_options":{"image_generator_settings":{"template":"highway","default_image_id":0,"font":"","enabled":false},"version":2}},"categories":[1082],"tags":[],"class_list":["post-71756","post","type-post","status-publish","format-standard","has-post-thumbnail","hentry","category-tuxpan"],"jetpack_publicize_connections":[],"jetpack_featured_media_url":"https:\/\/i0.wp.com\/politicosaldesnudo.com.mx\/wp-content\/uploads\/2025\/09\/WhatsApp-Image-2025-09-28-at-19.47.11-1.jpeg?fit=1280%2C854&ssl=1","jetpack-related-posts":[],"jetpack_sharing_enabled":true,"_links":{"self":[{"href":"https:\/\/politicosaldesnudo.com.mx\/index.php\/wp-json\/wp\/v2\/posts\/71756","targetHints":{"allow":["GET"]}}],"collection":[{"href":"https:\/\/politicosaldesnudo.com.mx\/index.php\/wp-json\/wp\/v2\/posts"}],"about":[{"href":"https:\/\/politicosaldesnudo.com.mx\/index.php\/wp-json\/wp\/v2\/types\/post"}],"author":[{"embeddable":true,"href":"https:\/\/politicosaldesnudo.com.mx\/index.php\/wp-json\/wp\/v2\/users\/4"}],"replies":[{"embeddable":true,"href":"https:\/\/politicosaldesnudo.com.mx\/index.php\/wp-json\/wp\/v2\/comments?post=71756"}],"version-history":[{"count":0,"href":"https:\/\/politicosaldesnudo.com.mx\/index.php\/wp-json\/wp\/v2\/posts\/71756\/revisions"}],"wp:featuredmedia":[{"embeddable":true,"href":"https:\/\/politicosaldesnudo.com.mx\/index.php\/wp-json\/wp\/v2\/media\/71757"}],"wp:attachment":[{"href":"https:\/\/politicosaldesnudo.com.mx\/index.php\/wp-json\/wp\/v2\/media?parent=71756"}],"wp:term":[{"taxonomy":"category","embeddable":true,"href":"https:\/\/politicosaldesnudo.com.mx\/index.php\/wp-json\/wp\/v2\/categories?post=71756"},{"taxonomy":"post_tag","embeddable":true,"href":"https:\/\/politicosaldesnudo.com.mx\/index.php\/wp-json\/wp\/v2\/tags?post=71756"}],"curies":[{"name":"wp","href":"https:\/\/api.w.org\/{rel}","templated":true}]}}