{"id":71762,"date":"2025-09-29T00:06:19","date_gmt":"2025-09-29T06:06:19","guid":{"rendered":"https:\/\/politicosaldesnudo.com.mx\/?p=71762"},"modified":"2025-09-28T22:23:50","modified_gmt":"2025-09-29T04:23:50","slug":"todos-los-estudiantes-de-primaria-recibiran-beca-rita-cetina-para-2026-mario-delgado","status":"publish","type":"post","link":"https:\/\/politicosaldesnudo.com.mx\/index.php\/2025\/09\/29\/todos-los-estudiantes-de-primaria-recibiran-beca-rita-cetina-para-2026-mario-delgado\/","title":{"rendered":"Todos los estudiantes de primaria recibir\u00e1n Beca Rita Cetina para 2026: Mario Delgado"},"content":{"rendered":"<p class=\"nota-justify\">Para 2026, todos los estudiantes de primaria contar\u00e1n con la Beca Universal Rita Cetina, con lo cual se beneficiar\u00e1 a m\u00e1s de 12 millones de ni\u00f1as y ni\u00f1os en todo el pa\u00eds y permitir\u00e1 alcanzar a m\u00e1s de 21 millones de beneficiarios de las Becas para el Bienestar, inform\u00f3 el secretario de Educaci\u00f3n P\u00fablica, Mario Delgado Carrillo.<\/p>\n<p class=\"nota-justify\">Durante su visita de supervisi\u00f3n de obras en el estado de Tabasco, en la Escuela Primaria Tom\u00e1s Garrido Canabal, ubicada en el Ejido Dos Montes, municipio de Centro,\u00a0\u00a0en Tabasco, Delgado enfatiz\u00f3 que estos estudiantes se sumar\u00e1n a los beneficiados en nivel secundaria, con este programa social que arranc\u00f3 a inicios de 2025.<\/p>\n<p class=\"nota-justify\">Acompa\u00f1ado del gobernador del estado, Javier May Rodr\u00edguez, supervis\u00f3 la obra en la escuela primaria Tomas Garrido Canabal; entrega de la primera etapa de construcci\u00f3n del Colegio de Bachilleres de Tabasco n\u00famero 52; inauguraci\u00f3n de los edificios E, F, I, as\u00ed como la remodelaci\u00f3n general del Colegio de Bachilleres de Tabasco n\u00famero 3, adem\u00e1s de la inauguraci\u00f3n de la construcci\u00f3n de la escuela secundaria estatal 27 de Febrero, m\u00e1s la entrega de certeza jur\u00eddica para 77 planteles educativos.<\/p>\n<p class=\"nota-justify\">Asimismo, indic\u00f3 que el programa La Escuela es Nuestra (NEM) avanza en Tabasco, \u00abdonde por primera vez beneficia al nivel medio superior, con 116 preparatorias, adem\u00e1s de mil 590 escuelas de educaci\u00f3n b\u00e1sica, con una inversi\u00f3n de 545 millones de pesos\u00bb.<\/p>\n<p class=\"nota-justify\">Actualmente en la entidad m\u00e1s de 346 mil alumnas y alumnos de secundaria, 103 mil estudiantes de preparatoria y 17 mil de educaci\u00f3n superior reciben una beca educativa. En un comunicado, anunci\u00f3 la ampliaci\u00f3n del Centro de Bachillerato Tecnol\u00f3gico Agropecuario (CBTA) No. 54.<\/p>\n<p class=\"nota-justify\">El gobernador Javier May coment\u00f3 que su administraci\u00f3n destina este a\u00f1o m\u00e1s de 540 millones de pesos a infraestructura educativa, con el prop\u00f3sito de garantizar el derecho a la educaci\u00f3n de ni\u00f1as, ni\u00f1os, adolescentes y j\u00f3venes.<\/p>\n<p>&nbsp;<\/p>\n","protected":false},"excerpt":{"rendered":"<p>Para 2026, todos los estudiantes de primaria contar\u00e1n con la Beca Universal Rita Cetina, con lo cual se beneficiar\u00e1 a<\/p>\n","protected":false},"author":4,"featured_media":71763,"comment_status":"closed","ping_status":"closed","sticky":false,"template":"","format":"standard","meta":{"colormag_page_container_layout":"default_layout","colormag_page_sidebar_layout":"default_layout","_jetpack_memberships_contains_paid_content":false,"footnotes":"","jetpack_publicize_message":"","jetpack_publicize_feature_enabled":true,"jetpack_social_post_already_shared":true,"jetpack_social_options":{"image_generator_settings":{"template":"highway","default_image_id":0,"font":"","enabled":false},"version":2}},"categories":[33],"tags":[],"class_list":["post-71762","post","type-post","status-publish","format-standard","has-post-thumbnail","hentry","category-nacional"],"jetpack_publicize_connections":[],"jetpack_featured_media_url":"https:\/\/i0.wp.com\/politicosaldesnudo.com.mx\/wp-content\/uploads\/2025\/09\/DEDO.jpg?fit=771%2C520&ssl=1","jetpack-related-posts":[],"jetpack_sharing_enabled":true,"_links":{"self":[{"href":"https:\/\/politicosaldesnudo.com.mx\/index.php\/wp-json\/wp\/v2\/posts\/71762","targetHints":{"allow":["GET"]}}],"collection":[{"href":"https:\/\/politicosaldesnudo.com.mx\/index.php\/wp-json\/wp\/v2\/posts"}],"about":[{"href":"https:\/\/politicosaldesnudo.com.mx\/index.php\/wp-json\/wp\/v2\/types\/post"}],"author":[{"embeddable":true,"href":"https:\/\/politicosaldesnudo.com.mx\/index.php\/wp-json\/wp\/v2\/users\/4"}],"replies":[{"embeddable":true,"href":"https:\/\/politicosaldesnudo.com.mx\/index.php\/wp-json\/wp\/v2\/comments?post=71762"}],"version-history":[{"count":0,"href":"https:\/\/politicosaldesnudo.com.mx\/index.php\/wp-json\/wp\/v2\/posts\/71762\/revisions"}],"wp:featuredmedia":[{"embeddable":true,"href":"https:\/\/politicosaldesnudo.com.mx\/index.php\/wp-json\/wp\/v2\/media\/71763"}],"wp:attachment":[{"href":"https:\/\/politicosaldesnudo.com.mx\/index.php\/wp-json\/wp\/v2\/media?parent=71762"}],"wp:term":[{"taxonomy":"category","embeddable":true,"href":"https:\/\/politicosaldesnudo.com.mx\/index.php\/wp-json\/wp\/v2\/categories?post=71762"},{"taxonomy":"post_tag","embeddable":true,"href":"https:\/\/politicosaldesnudo.com.mx\/index.php\/wp-json\/wp\/v2\/tags?post=71762"}],"curies":[{"name":"wp","href":"https:\/\/api.w.org\/{rel}","templated":true}]}}