{"id":71765,"date":"2025-09-29T00:07:45","date_gmt":"2025-09-29T06:07:45","guid":{"rendered":"https:\/\/politicosaldesnudo.com.mx\/?p=71765"},"modified":"2025-09-28T22:25:49","modified_gmt":"2025-09-29T04:25:49","slug":"juzgado-rechaza-proteccion-a-contralmirante-fernando-farias","status":"publish","type":"post","link":"https:\/\/politicosaldesnudo.com.mx\/index.php\/2025\/09\/29\/juzgado-rechaza-proteccion-a-contralmirante-fernando-farias\/","title":{"rendered":"Juzgado rechaza protecci\u00f3n a contralmirante Fernando Far\u00edas"},"content":{"rendered":"<p class=\"nota-justify\">El juzgado 16 de distrito en materia penal con sede en la Ciudad de M\u00e9xico, neg\u00f3 que el contralmirante Fernando Far\u00edas Laguna aportara elementos que indiquen que pueda ser objeto de actos de tortura o incomunicaci\u00f3n en caso de que sea detenido.<\/p>\n<p class=\"nota-justify\">Lo anterior, al negarle una suspensi\u00f3n definitiva. El mando naval enfrenta una orden de aprehensi\u00f3n por formar parte de una red de corrupci\u00f3n y de tr\u00e1fico ilegal de combustible a bordo de barcos procedentes de Estados Unidos a M\u00e9xico.<\/p>\n<p class=\"nota-justify\">El \u00f3rgano jurisdiccional admiti\u00f3 la demanda de Far\u00edas Laguna \u2013pr\u00f3fugo de la justicia por la Fiscal\u00eda General de la Rep\u00fablica\u2013-, pero le neg\u00f3 la protecci\u00f3n de la justicia federal.<\/p>\n<p class=\"nota-justify\">Ello, \u201cdado que el quejoso no aporta siquiera informaci\u00f3n indiciaria de la que se advierta que en caso de que se ejecuten en su contra los mandamientos privativos de libertad reclamados ser\u00e1 incomunicado y torturado, en su caso, ser\u00e1 objeto de tratos crueles inhumanos y degradantes o desaparici\u00f3n forzada de personas\u201d, determin\u00f3 el juez Jos\u00e9 El\u00edas Pacheco Mart\u00ednez, seg\u00fan la Lista de Acuerdos de la Direcci\u00f3n General de Gesti\u00f3n Judicial, dependiente del \u00d3rgano de Administraci\u00f3n judicial.<\/p>\n<p class=\"nota-justify\">El contralmirante ha presentado dos juicios de amparo. En el primero consigui\u00f3 una suspensi\u00f3n que le garantiza poder acudir a la audiencia inicial programada para este 2 de octubre a las 10:30 horas en el Centro Federal de Justicia Penal con sede en Almoloya de Ju\u00e1rez, Estado de M\u00e9xico.<\/p>\n<p class=\"nota-justify\">La Fiscal\u00eda Especializada en Materia de Delincuencia Organizada (Femdo) le imputar\u00e1 a Fernando Far\u00edas ser parte de la red de corrupci\u00f3n en la que tambi\u00e9n participa su hermano, el vicealmirante Manuel Roberto Far\u00edas, y otros mandos de la Secretar\u00eda de Marina-Armada de M\u00e9xico (Semar).<\/p>\n<p class=\"nota-justify\">En ese grupo delictivo tambi\u00e9n est\u00e1n se\u00f1alados personal de aduanas y representantes de empresas aduaneras. Ya fueron detenidos y sujetos a vinculaci\u00f3n a proceso penal 14 integrantes.<\/p>\n<p class=\"nota-justify\">En la lista de acuerdos se establece que la demanda de amparo se present\u00f3 el pasado 24 de septiembre y fue admitida a tr\u00e1mite un d\u00eda despu\u00e9s, por lo que cuenta con cinco d\u00edas h\u00e1biles para pagar una garant\u00eda de 50 mil pesos.<\/p>\n<p class=\"nota-justify\">La audiencia para este juicio se realizar\u00e1 el 5 noviembre a las 11:30 horas.<\/p>\n","protected":false},"excerpt":{"rendered":"<p>El juzgado 16 de distrito en materia penal con sede en la Ciudad de M\u00e9xico, neg\u00f3 que el contralmirante Fernando<\/p>\n","protected":false},"author":4,"featured_media":71766,"comment_status":"closed","ping_status":"closed","sticky":false,"template":"","format":"standard","meta":{"colormag_page_container_layout":"default_layout","colormag_page_sidebar_layout":"default_layout","_jetpack_memberships_contains_paid_content":false,"footnotes":"","jetpack_publicize_message":"","jetpack_publicize_feature_enabled":true,"jetpack_social_post_already_shared":true,"jetpack_social_options":{"image_generator_settings":{"template":"highway","default_image_id":0,"font":"","enabled":false},"version":2}},"categories":[33],"tags":[],"class_list":["post-71765","post","type-post","status-publish","format-standard","has-post-thumbnail","hentry","category-nacional"],"jetpack_publicize_connections":[],"jetpack_featured_media_url":"https:\/\/i0.wp.com\/politicosaldesnudo.com.mx\/wp-content\/uploads\/2025\/09\/PUME.jpg?fit=749%2C496&ssl=1","jetpack-related-posts":[],"jetpack_sharing_enabled":true,"_links":{"self":[{"href":"https:\/\/politicosaldesnudo.com.mx\/index.php\/wp-json\/wp\/v2\/posts\/71765","targetHints":{"allow":["GET"]}}],"collection":[{"href":"https:\/\/politicosaldesnudo.com.mx\/index.php\/wp-json\/wp\/v2\/posts"}],"about":[{"href":"https:\/\/politicosaldesnudo.com.mx\/index.php\/wp-json\/wp\/v2\/types\/post"}],"author":[{"embeddable":true,"href":"https:\/\/politicosaldesnudo.com.mx\/index.php\/wp-json\/wp\/v2\/users\/4"}],"replies":[{"embeddable":true,"href":"https:\/\/politicosaldesnudo.com.mx\/index.php\/wp-json\/wp\/v2\/comments?post=71765"}],"version-history":[{"count":0,"href":"https:\/\/politicosaldesnudo.com.mx\/index.php\/wp-json\/wp\/v2\/posts\/71765\/revisions"}],"wp:featuredmedia":[{"embeddable":true,"href":"https:\/\/politicosaldesnudo.com.mx\/index.php\/wp-json\/wp\/v2\/media\/71766"}],"wp:attachment":[{"href":"https:\/\/politicosaldesnudo.com.mx\/index.php\/wp-json\/wp\/v2\/media?parent=71765"}],"wp:term":[{"taxonomy":"category","embeddable":true,"href":"https:\/\/politicosaldesnudo.com.mx\/index.php\/wp-json\/wp\/v2\/categories?post=71765"},{"taxonomy":"post_tag","embeddable":true,"href":"https:\/\/politicosaldesnudo.com.mx\/index.php\/wp-json\/wp\/v2\/tags?post=71765"}],"curies":[{"name":"wp","href":"https:\/\/api.w.org\/{rel}","templated":true}]}}