{"id":71768,"date":"2025-09-29T00:08:46","date_gmt":"2025-09-29T06:08:46","guid":{"rendered":"https:\/\/politicosaldesnudo.com.mx\/?p=71768"},"modified":"2025-09-28T22:28:37","modified_gmt":"2025-09-29T04:28:37","slug":"celebra-sheinbaum-acuerdo-para-bloquear-el-paso-de-armas-desde-eu","status":"publish","type":"post","link":"https:\/\/politicosaldesnudo.com.mx\/index.php\/2025\/09\/29\/celebra-sheinbaum-acuerdo-para-bloquear-el-paso-de-armas-desde-eu\/","title":{"rendered":"Celebra Sheinbaum acuerdo para bloquear el paso de armas desde EU"},"content":{"rendered":"<p class=\"nota-justify\">La presidenta de M\u00e9xico, Claudia Sheinbaum Pardo, anunci\u00f3 ayer que Estados Unidos acept\u00f3 fortalecer sus esfuerzos para frenar el tr\u00e1fico de armas hacia M\u00e9xico, un reclamo que desde hace a\u00f1os han planteado las autoridades nacionales al vecino del norte. El compromiso se alcanz\u00f3 durante la primera reuni\u00f3n del comit\u00e9 binacional de seguridad, instalado tras la reciente visita del secretario de Estado estadunidense, Marco Rubio.<\/p>\n<p class=\"nota-justify\">\u201cSiempre dicen en Washington que lo central son las drogas o los flujos migratorios, pero ahora dijimos que lo primero que se tiene que discutir son las armas que vienen de Estados Unidos a M\u00e9xico\u201d, relat\u00f3 la mandataria ante cientos de asistentes reunidos en el Centro de Convenciones de Mazatl\u00e1n. \u201cY logramos un acuerdo: que Estados Unidos va a reforzar los operativos en su propio territorio para controlar el paso de armas. Nunca se hab\u00eda logrado algo de este tipo\u201d, celebr\u00f3.<\/p>\n<p class=\"nota-justify\">En la recta final de su recorrido nacional de rendici\u00f3n de cuentas, que concluir\u00e1 el pr\u00f3ximo 5 de octubre con un acto masivo en el Z\u00f3calo de la Ciudad de M\u00e9xico, Sheinbaum estuvo acompa\u00f1ada del gobernador Rub\u00e9n Rocha Moya, a quien levant\u00f3 la mano en se\u00f1al de respaldo. Record\u00f3 que la entrada ilegal de armas dota de poder de fuego a los c\u00e1rteles del narcotr\u00e1fico y ha profundizado la violencia en regiones como Sinaloa, estado golpeado en los meses recientes por la confrontaci\u00f3n entre facciones del c\u00e1rtel tras la captura de Ismael\u00a0<i>El Mayo<\/i>\u00a0Zambada en 2024.<\/p>\n<p class=\"nota-justify\">En ese contexto, la mandataria recalc\u00f3 que el gobierno federal mantiene presencia constante en la entidad. \u201cViene cada 15 d\u00edas el gabinete de seguridad a apoyar; hay elementos de todas las corporaciones, y vamos a seguir as\u00ed\u201d, indic\u00f3. Al mismo tiempo, fue tajante en marcar los l\u00edmites de la cooperaci\u00f3n bilateral con Estados Unidos: \u201cS\u00ed a la coordinaci\u00f3n, s\u00ed a la colaboraci\u00f3n, pero no al injerencismo y no a la p\u00e9rdida de soberan\u00eda. Nos coordinamos, colaboramos, pero nunca nos subordinamos\u201d.<\/p>\n<p class=\"nota-justify\">Adem\u00e1s, anunci\u00f3 que Sinaloa se incorporar\u00e1 al Programa Integral para la Producci\u00f3n de Carne de Alta Calidad, con el fin de respaldar a ganaderos afectados por el cierre de la frontera decretado por Estados Unidos debido al gusano barrenador.<\/p>\n<p class=\"nota-justify\">Horas m\u00e1s tarde, en Tepic, Nayarit, Sheinbaum Pardo subray\u00f3 su compromiso con la defensa de la naci\u00f3n: \u201cSepan siempre que su Presidenta va a defender al pueblo de M\u00e9xico\u201d, asegur\u00f3 en un mitin donde tambi\u00e9n resalt\u00f3 la importancia de los migrantes en Estados Unidos. \u201cEse pa\u00eds no ser\u00eda lo que es sin nuestros paisanos y paisanas que trabajan del otro lado de la frontera\u201d, apunt\u00f3.<\/p>\n<p class=\"nota-justify\">La mandataria pidi\u00f3 un aplauso para el ex presidente Andr\u00e9s Manuel L\u00f3pez Obrador, a quien defini\u00f3 como el gran impulsor del cambio. \u201cLa Cuarta Transformaci\u00f3n es un proyecto econ\u00f3mico, social y pol\u00edtico, pero sobre todo es el proyecto de la dignidad del pueblo de M\u00e9xico\u201d, expres\u00f3. Reconoci\u00f3 tambi\u00e9n la labor del gobernador Miguel \u00c1ngel Navarro Quintero y destac\u00f3 los avances en programas sociales e infraestructura en la entidad, entre ellos la conclusi\u00f3n de la carretera Tepic-Compostela y la construcci\u00f3n del hospital de alta especialidad del IMSS-Bienestar.<\/p>\n<p class=\"nota-justify\">En La Paz, Baja California Sur, la Presidenta record\u00f3 que desde 2018 \u201cen M\u00e9xico ya no gobiernan unos cuantos, ya no se negocian los impuestos. Es un M\u00e9xico de leyes y es un M\u00e9xico donde el pueblo manda\u201d. Destac\u00f3 que, gracias a las pol\u00edticas de bienestar y a la recuperaci\u00f3n salarial, 13.5 millones de personas han salido de la pobreza y hoy es el segundo pa\u00eds menos desigual del continente, s\u00f3lo despu\u00e9s de Canad\u00e1.<\/p>\n<p class=\"nota-justify\">Entre los anuncios para la entidad sobresali\u00f3 la entrega de 500 nuevas plazas docentes y la construcci\u00f3n de una universidad Rosario Castellanos.<\/p>\n<p class=\"nota-justify\">Sheinbaum insisti\u00f3 en que los logros de la transformaci\u00f3n han sido posibles gracias a un cambio de rumbo frente al modelo neoliberal, que predomin\u00f3 durante 36 a\u00f1os. \u201cHoy se gobierna para el pueblo y con el pueblo\u201d, sostuvo.<\/p>\n<p class=\"nota-justify\">Este domingo, la mandataria visitar\u00e1 Jalisco y Colima.<\/p>\n","protected":false},"excerpt":{"rendered":"<p>La presidenta de M\u00e9xico, Claudia Sheinbaum Pardo, anunci\u00f3 ayer que Estados Unidos acept\u00f3 fortalecer sus esfuerzos para frenar el tr\u00e1fico<\/p>\n","protected":false},"author":4,"featured_media":71769,"comment_status":"closed","ping_status":"closed","sticky":false,"template":"","format":"standard","meta":{"colormag_page_container_layout":"default_layout","colormag_page_sidebar_layout":"default_layout","_jetpack_memberships_contains_paid_content":false,"footnotes":"","jetpack_publicize_message":"","jetpack_publicize_feature_enabled":true,"jetpack_social_post_already_shared":true,"jetpack_social_options":{"image_generator_settings":{"template":"highway","default_image_id":0,"font":"","enabled":false},"version":2}},"categories":[33],"tags":[],"class_list":["post-71768","post","type-post","status-publish","format-standard","has-post-thumbnail","hentry","category-nacional"],"jetpack_publicize_connections":[],"jetpack_featured_media_url":"https:\/\/i0.wp.com\/politicosaldesnudo.com.mx\/wp-content\/uploads\/2025\/09\/FANTA.jpg?fit=770%2C497&ssl=1","jetpack-related-posts":[],"jetpack_sharing_enabled":true,"_links":{"self":[{"href":"https:\/\/politicosaldesnudo.com.mx\/index.php\/wp-json\/wp\/v2\/posts\/71768","targetHints":{"allow":["GET"]}}],"collection":[{"href":"https:\/\/politicosaldesnudo.com.mx\/index.php\/wp-json\/wp\/v2\/posts"}],"about":[{"href":"https:\/\/politicosaldesnudo.com.mx\/index.php\/wp-json\/wp\/v2\/types\/post"}],"author":[{"embeddable":true,"href":"https:\/\/politicosaldesnudo.com.mx\/index.php\/wp-json\/wp\/v2\/users\/4"}],"replies":[{"embeddable":true,"href":"https:\/\/politicosaldesnudo.com.mx\/index.php\/wp-json\/wp\/v2\/comments?post=71768"}],"version-history":[{"count":0,"href":"https:\/\/politicosaldesnudo.com.mx\/index.php\/wp-json\/wp\/v2\/posts\/71768\/revisions"}],"wp:featuredmedia":[{"embeddable":true,"href":"https:\/\/politicosaldesnudo.com.mx\/index.php\/wp-json\/wp\/v2\/media\/71769"}],"wp:attachment":[{"href":"https:\/\/politicosaldesnudo.com.mx\/index.php\/wp-json\/wp\/v2\/media?parent=71768"}],"wp:term":[{"taxonomy":"category","embeddable":true,"href":"https:\/\/politicosaldesnudo.com.mx\/index.php\/wp-json\/wp\/v2\/categories?post=71768"},{"taxonomy":"post_tag","embeddable":true,"href":"https:\/\/politicosaldesnudo.com.mx\/index.php\/wp-json\/wp\/v2\/tags?post=71768"}],"curies":[{"name":"wp","href":"https:\/\/api.w.org\/{rel}","templated":true}]}}