{"id":71777,"date":"2025-09-29T00:11:16","date_gmt":"2025-09-29T06:11:16","guid":{"rendered":"https:\/\/politicosaldesnudo.com.mx\/?p=71777"},"modified":"2025-09-28T22:36:24","modified_gmt":"2025-09-29T04:36:24","slug":"buscaremos-trato-preferencial-en-aranceles-de-eu-a-productos-farmaceuticos-ebrard","status":"publish","type":"post","link":"https:\/\/politicosaldesnudo.com.mx\/index.php\/2025\/09\/29\/buscaremos-trato-preferencial-en-aranceles-de-eu-a-productos-farmaceuticos-ebrard\/","title":{"rendered":"Buscaremos trato preferencial en aranceles de EU a productos farmac\u00e9uticos: Ebrard"},"content":{"rendered":"<p class=\"nota-justify\">Ante el anuncio de imponer aranceles a los productos farmac\u00e9uticos, camiones de carga y muebles que importan Estados Unidos de todo el mundo, M\u00e9xico revisar\u00e1 primero c\u00f3mo se aplicar\u00e1n, para buscar tener un trato preferencial, se\u00f1al\u00f3 Marcelo Ebrard Casaub\u00f3n, titular de la Secretar\u00eda de Econom\u00eda (SE).<\/p>\n<p class=\"nota-justify\">Despu\u00e9s de participar en el foro What Design Can Do? M\u00e9xico, el funcionario coment\u00f3 que para la revisi\u00f3n del T-MEC s\u00ed participar\u00e1 la iniciativa privada, pero no con el \u201ccuartito de junto\u201d de s\u00f3lo seis personas.<\/p>\n<p class=\"nota-justify\">Sobre los nuevos aranceles anunciados por el presidente estadunidense Donald Trump el jueves, Ebrard Casaub\u00f3n coment\u00f3 que se comunicar\u00e1 con la Oficina de Representaci\u00f3n Comercial de Estados Unidos para \u201ctener claro qu\u00e9 es lo que significa, exactamente c\u00f3mo se va a aplicar. Y por supuesto tendremos que presentar en la semana que viene nuestros argumentos\u201d.<\/p>\n<p class=\"nota-justify\">Despu\u00e9s de subrayar que se trata de \u201cmedidas generales\u201d, es decir, no son aranceles s\u00f3lo a productos mexicanos, el funcionario coment\u00f3 que M\u00e9xico est\u00e1 en contra de esta decisi\u00f3n. \u201c\u00bfPor qu\u00e9 en contra? Porque tienen muchos efectos negativos, para nosotros, para otros pa\u00edses y para ellos\u201d, dijo.<\/p>\n<p class=\"nota-justify\">No obstante, coment\u00f3 que el pa\u00eds aprovechar\u00e1 que a\u00fan est\u00e1 la mesa de negociaciones, por lo que se buscar\u00eda que Estados Unidos d\u00e9 un trato preferencial a M\u00e9xico, como hasta el momento ha ocurrido.<\/p>\n","protected":false},"excerpt":{"rendered":"<p>Ante el anuncio de imponer aranceles a los productos farmac\u00e9uticos, camiones de carga y muebles que importan Estados Unidos de<\/p>\n","protected":false},"author":4,"featured_media":71778,"comment_status":"closed","ping_status":"closed","sticky":false,"template":"","format":"standard","meta":{"colormag_page_container_layout":"default_layout","colormag_page_sidebar_layout":"default_layout","_jetpack_memberships_contains_paid_content":false,"footnotes":"","jetpack_publicize_message":"","jetpack_publicize_feature_enabled":true,"jetpack_social_post_already_shared":true,"jetpack_social_options":{"image_generator_settings":{"template":"highway","default_image_id":0,"font":"","enabled":false},"version":2}},"categories":[2050],"tags":[],"class_list":["post-71777","post","type-post","status-publish","format-standard","has-post-thumbnail","hentry","category-economia"],"jetpack_publicize_connections":[],"jetpack_featured_media_url":"https:\/\/i0.wp.com\/politicosaldesnudo.com.mx\/wp-content\/uploads\/2025\/09\/EB.jpg?fit=767%2C506&ssl=1","jetpack-related-posts":[],"jetpack_sharing_enabled":true,"_links":{"self":[{"href":"https:\/\/politicosaldesnudo.com.mx\/index.php\/wp-json\/wp\/v2\/posts\/71777","targetHints":{"allow":["GET"]}}],"collection":[{"href":"https:\/\/politicosaldesnudo.com.mx\/index.php\/wp-json\/wp\/v2\/posts"}],"about":[{"href":"https:\/\/politicosaldesnudo.com.mx\/index.php\/wp-json\/wp\/v2\/types\/post"}],"author":[{"embeddable":true,"href":"https:\/\/politicosaldesnudo.com.mx\/index.php\/wp-json\/wp\/v2\/users\/4"}],"replies":[{"embeddable":true,"href":"https:\/\/politicosaldesnudo.com.mx\/index.php\/wp-json\/wp\/v2\/comments?post=71777"}],"version-history":[{"count":0,"href":"https:\/\/politicosaldesnudo.com.mx\/index.php\/wp-json\/wp\/v2\/posts\/71777\/revisions"}],"wp:featuredmedia":[{"embeddable":true,"href":"https:\/\/politicosaldesnudo.com.mx\/index.php\/wp-json\/wp\/v2\/media\/71778"}],"wp:attachment":[{"href":"https:\/\/politicosaldesnudo.com.mx\/index.php\/wp-json\/wp\/v2\/media?parent=71777"}],"wp:term":[{"taxonomy":"category","embeddable":true,"href":"https:\/\/politicosaldesnudo.com.mx\/index.php\/wp-json\/wp\/v2\/categories?post=71777"},{"taxonomy":"post_tag","embeddable":true,"href":"https:\/\/politicosaldesnudo.com.mx\/index.php\/wp-json\/wp\/v2\/tags?post=71777"}],"curies":[{"name":"wp","href":"https:\/\/api.w.org\/{rel}","templated":true}]}}