{"id":71783,"date":"2025-09-29T00:13:59","date_gmt":"2025-09-29T06:13:59","guid":{"rendered":"https:\/\/politicosaldesnudo.com.mx\/?p=71783"},"modified":"2025-09-28T22:41:21","modified_gmt":"2025-09-29T04:41:21","slug":"feministas-marchan-en-queretaro-por-aborto-legal","status":"publish","type":"post","link":"https:\/\/politicosaldesnudo.com.mx\/index.php\/2025\/09\/29\/feministas-marchan-en-queretaro-por-aborto-legal\/","title":{"rendered":"Feministas marchan en Quer\u00e9taro por aborto legal"},"content":{"rendered":"<p class=\"nota-justify\">En la ciudad de Quer\u00e9taro, decenas de feministas de diversos colectivos, entre ellos Adax Digitales, marcharon la tarde de este domingo en demanda de la Interrupci\u00f3n Legal del Embarazo (ILE) en la entidad, en el marco del D\u00eda de Acci\u00f3n Global por el Aborto.<\/p>\n<p class=\"nota-justify\">En espec\u00edfico, exigieron a los diputados locales la eliminaci\u00f3n de aquellos art\u00edculos del C\u00f3digo Penal del estado de Quer\u00e9taro en los cuales se tipifica el aborto como un delito.<\/p>\n<p class=\"nota-justify\">Al ritmo de tambores, algunas con mascadas de color verde y otras con prendas p\u00farpura, las feministas iniciaron la marcha alrededor de las 17 horas desde la Alameda Miguel Hidalgo y la culminaron en la Plaza de la Corregidora. \u00abMujer consciente, \u00a1se une al contingente!\u00bb; \u00abLa polic\u00eda no me cuida, \u00a1me cuidan mis amigas!\u00bb; \u00abSe va a caer, se va a caer, \u00a1el patriarcado se va a caer!\u00bb; y \u00abSe\u00f1or, se\u00f1ora, no sea indiferente, se mata a las mujeres en la cara de la gente\u00bb, eran algunas de las consignas que las feministas coreaban al mismo tiempo que mostraban pancartas con leyendas en favor de la ILE.<\/p>\n<p class=\"nota-justify\">En la Plaza de la Corregidora, leyeron un pronunciamiento en el que se\u00f1alaron la urgente necesidad de que los diputados hagan reformas en el C\u00f3digo Penal del estado de Quer\u00e9taro, para eliminar los art\u00edculos 137, 138, 139, 140, 141 y 142 en los cuales se criminaliza a las mujeres por abortar.<\/p>\n<p class=\"nota-justify\">Puntualizaron que a pesar de que ganaron el amparo 79\/2023, en el que se ordena la no aplicaci\u00f3n de dichos art\u00edculos, en el estado de Quer\u00e9taro se sigue criminalizando a las mujeres.<\/p>\n<p class=\"nota-justify\">Reprocharon que los ministros y magistrados, \u00absentados desde sus c\u00f3modos asientos\u00bb, en la pr\u00e1ctica obstaculizaron dicho amparo.<\/p>\n<p class=\"nota-justify\">\u00abLa criminalizaci\u00f3n no protege a la vida; solo persigue y condena a las m\u00e1s vulnerables\u00bb.<\/p>\n<p class=\"nota-justify\">Recordaron el caso de Esmeralda, una menor de edad que hace un a\u00f1o estuvo a punto de ir a la c\u00e1rcel por haber tenido un aborto espont\u00e1neo (es decir, no voluntario ni provocado) de un beb\u00e9 producto de una violaci\u00f3n y cuyo agresor nunca fue investigado, ni sometido a proceso penal ni juzgado por el delito que perpetr\u00f3.<\/p>\n<p class=\"nota-justify\">Tambi\u00e9n se\u00f1alaron que \u00abtodas las autoridades nos han fallado: los diputados del Congreso de Quer\u00e9taro donde nuestras Iniciativas a favor de la Interrupci\u00f3n Legal del Embarazo est\u00e1n congeladas; donde hay personajes tan irrisorios y absurdos que se atreven a decir abiertamente que mientras ellos est\u00e9n all\u00ed, el aborto no pasar\u00e1 en el estado\u00bb.<\/p>\n<p class=\"nota-justify\">Comentaron que el Gobierno Federal no ha cumplido su palabra de despenalizar el aborto en todo el pa\u00eds a pesar de tener la mayor\u00eda tanto en la C\u00e1mara de Diputados de San L\u00e1zaro como en el Senado de la Rep\u00fablica.<\/p>\n","protected":false},"excerpt":{"rendered":"<p>En la ciudad de Quer\u00e9taro, decenas de feministas de diversos colectivos, entre ellos Adax Digitales, marcharon la tarde de este<\/p>\n","protected":false},"author":4,"featured_media":71784,"comment_status":"closed","ping_status":"closed","sticky":false,"template":"","format":"standard","meta":{"colormag_page_container_layout":"default_layout","colormag_page_sidebar_layout":"default_layout","_jetpack_memberships_contains_paid_content":false,"footnotes":"","jetpack_publicize_message":"","jetpack_publicize_feature_enabled":true,"jetpack_social_post_already_shared":true,"jetpack_social_options":{"image_generator_settings":{"template":"highway","default_image_id":0,"font":"","enabled":false},"version":2}},"categories":[30],"tags":[],"class_list":["post-71783","post","type-post","status-publish","format-standard","has-post-thumbnail","hentry","category-estados"],"jetpack_publicize_connections":[],"jetpack_featured_media_url":"https:\/\/i0.wp.com\/politicosaldesnudo.com.mx\/wp-content\/uploads\/2025\/09\/LOCS.jpg?fit=778%2C584&ssl=1","jetpack-related-posts":[],"jetpack_sharing_enabled":true,"_links":{"self":[{"href":"https:\/\/politicosaldesnudo.com.mx\/index.php\/wp-json\/wp\/v2\/posts\/71783","targetHints":{"allow":["GET"]}}],"collection":[{"href":"https:\/\/politicosaldesnudo.com.mx\/index.php\/wp-json\/wp\/v2\/posts"}],"about":[{"href":"https:\/\/politicosaldesnudo.com.mx\/index.php\/wp-json\/wp\/v2\/types\/post"}],"author":[{"embeddable":true,"href":"https:\/\/politicosaldesnudo.com.mx\/index.php\/wp-json\/wp\/v2\/users\/4"}],"replies":[{"embeddable":true,"href":"https:\/\/politicosaldesnudo.com.mx\/index.php\/wp-json\/wp\/v2\/comments?post=71783"}],"version-history":[{"count":0,"href":"https:\/\/politicosaldesnudo.com.mx\/index.php\/wp-json\/wp\/v2\/posts\/71783\/revisions"}],"wp:featuredmedia":[{"embeddable":true,"href":"https:\/\/politicosaldesnudo.com.mx\/index.php\/wp-json\/wp\/v2\/media\/71784"}],"wp:attachment":[{"href":"https:\/\/politicosaldesnudo.com.mx\/index.php\/wp-json\/wp\/v2\/media?parent=71783"}],"wp:term":[{"taxonomy":"category","embeddable":true,"href":"https:\/\/politicosaldesnudo.com.mx\/index.php\/wp-json\/wp\/v2\/categories?post=71783"},{"taxonomy":"post_tag","embeddable":true,"href":"https:\/\/politicosaldesnudo.com.mx\/index.php\/wp-json\/wp\/v2\/tags?post=71783"}],"curies":[{"name":"wp","href":"https:\/\/api.w.org\/{rel}","templated":true}]}}