{"id":71789,"date":"2025-09-29T00:15:48","date_gmt":"2025-09-29T06:15:48","guid":{"rendered":"https:\/\/politicosaldesnudo.com.mx\/?p=71789"},"modified":"2025-09-28T22:45:12","modified_gmt":"2025-09-29T04:45:12","slug":"zapatistas-denuncian-quema-de-casas-y-despojo-con-respaldo-del-ejercito","status":"publish","type":"post","link":"https:\/\/politicosaldesnudo.com.mx\/index.php\/2025\/09\/29\/zapatistas-denuncian-quema-de-casas-y-despojo-con-respaldo-del-ejercito\/","title":{"rendered":"Zapatistas denuncian quema de casas y despojo con respaldo del Ej\u00e9rcito"},"content":{"rendered":"<p class=\"nota-justify\">La Asamblea de Colectivos de Gobiernos Aut\u00f3nomos Zapatistas y los Gobiernos en Com\u00fan, denunciaron que apoyados por elementos del Ej\u00e9rcito Mexicano, habitantes del municipio de Huixt\u00e1n \u201cquemaron y destruyeron casas\u201d de bases de apoyo del Ej\u00e9rcito Zapatista de Libraci\u00f3n Nacional (EZLN), y se posesionaron de un predio \u201crecuperado\u201d en 1994.<\/p>\n<p class=\"nota-justify\">Explicaron que el 22 de abril, el 12 de\u00a0 mayo, 12 de julio y el 29 de agosto\u00a0 \u201cllegaron 30 personas\u00a0de Huixt\u00e1n, encabezadas por Emilio Bolom \u00c1lvarez, Miguel Bolom Pale, Miguel V\u00e1zquez S\u00e1ntiz y David Seferino G\u00f3mez resguardados con el Ej\u00e9rcito Federal y polic\u00eda municipal de Ocosingo al poblado Bel\u00e9n,\u00a0 del caracol 8 Dolores Hidalgo, donde est\u00e1n viviendo nuestros compa\u00f1eros bases de apoyo zapatistas encargados del trabajo colectivo de la regi\u00f3n y de trabajos de milpa com\u00fan con\u00a0 nuestros hermanos no zapatistas. Este predio fue recuperado desde 1994\u201d.<\/p>\n<p class=\"nota-justify\">En un comunicado agregaron que \u201ctratamos de dialogar con ellos, pero claramente nos dijeron que la tierra ya se las entreg\u00f3 el gobierno y que cuentan con los documentos legales. En estas fechas amenazaron y hostigaron a nuestros compa\u00f1eros dici\u00e9ndoles que se salgan de las tierras por las buenas o por las malas, trataron de manipular diciendo que si se pon\u00edan de acuerdo con nuestros compa\u00f1eros los iban a respetar. destruyeron nuestros letreros y midieron la tierra\u201d.<\/p>\n<p class=\"nota-justify\">Se\u00f1alaron que \u201cante esas amenazas y por acuerdo de la asamblea de colectivos de gobiernos aut\u00f3nomos zapatistas, acordamos que hay que retirarse porque hay que planear para defenderse\u201d, pero \u201cel 18, 20 y 22 de septiembre se posicionaron 15 personas en el predio; el 20 de septiembre nuevamente llegaron 2 camionetas del Ej\u00e9rcito Federal, 3 camionetas de la polic\u00eda de Ocosingo y 4 camionetas de la Fiscal\u00eda Gener15al del Estado\u201d.<\/p>\n<p class=\"nota-justify\">Aseguraron que en esa ocasi\u00f3n, \u201cdestruyeron y quemaron las casas de los encargados bases de apoyo zapatistas, robaron elotes y los que se quedaron siguen robando. Nuevamente tratamos de dialogar, pero nunca entendieron que porque el mal gobierno formalmente ya les entreg\u00f3 la tierra\u201d.<\/p>\n<p class=\"nota-justify\">Tras denunciar \u201cen\u00e9rgicamente el ataque, hostigamiento y manipulaci\u00f3n que hacen los tres niveles del mal gobierno hacia los pueblos bases de apoyo zapatistas por el asunto de la tierra recuperada\u201d, remarcaron: \u201cNo mentimos al pueblo de M\u00e9xico y al mundo que esas tierras ya fueron pagadas por el mal gobierno desde 1996 cuando viv\u00eda Manuel Camacho Sol\u00eds. Aqu\u00ed est\u00e1 claro que es un plan de los tres niveles de los malos gobiernos porque ya fueron pagadas, \u00bfy por qu\u00e9 ahora vuelve a entregar la tierra la que ya est\u00e1 pagada? Lo que busca aqu\u00ed la cuarta transformaci\u00f3n es el choque, el enfrentamiento y la guerra\u201d.<\/p>\n","protected":false},"excerpt":{"rendered":"<p>La Asamblea de Colectivos de Gobiernos Aut\u00f3nomos Zapatistas y los Gobiernos en Com\u00fan, denunciaron que apoyados por elementos del Ej\u00e9rcito<\/p>\n","protected":false},"author":4,"featured_media":71790,"comment_status":"closed","ping_status":"closed","sticky":false,"template":"","format":"standard","meta":{"colormag_page_container_layout":"default_layout","colormag_page_sidebar_layout":"default_layout","_jetpack_memberships_contains_paid_content":false,"footnotes":"","jetpack_publicize_message":"","jetpack_publicize_feature_enabled":true,"jetpack_social_post_already_shared":true,"jetpack_social_options":{"image_generator_settings":{"template":"highway","default_image_id":0,"font":"","enabled":false},"version":2}},"categories":[30],"tags":[],"class_list":["post-71789","post","type-post","status-publish","format-standard","has-post-thumbnail","hentry","category-estados"],"jetpack_publicize_connections":[],"jetpack_featured_media_url":"https:\/\/i0.wp.com\/politicosaldesnudo.com.mx\/wp-content\/uploads\/2025\/09\/ZAP.jpg?fit=778%2C502&ssl=1","jetpack-related-posts":[],"jetpack_sharing_enabled":true,"_links":{"self":[{"href":"https:\/\/politicosaldesnudo.com.mx\/index.php\/wp-json\/wp\/v2\/posts\/71789","targetHints":{"allow":["GET"]}}],"collection":[{"href":"https:\/\/politicosaldesnudo.com.mx\/index.php\/wp-json\/wp\/v2\/posts"}],"about":[{"href":"https:\/\/politicosaldesnudo.com.mx\/index.php\/wp-json\/wp\/v2\/types\/post"}],"author":[{"embeddable":true,"href":"https:\/\/politicosaldesnudo.com.mx\/index.php\/wp-json\/wp\/v2\/users\/4"}],"replies":[{"embeddable":true,"href":"https:\/\/politicosaldesnudo.com.mx\/index.php\/wp-json\/wp\/v2\/comments?post=71789"}],"version-history":[{"count":0,"href":"https:\/\/politicosaldesnudo.com.mx\/index.php\/wp-json\/wp\/v2\/posts\/71789\/revisions"}],"wp:featuredmedia":[{"embeddable":true,"href":"https:\/\/politicosaldesnudo.com.mx\/index.php\/wp-json\/wp\/v2\/media\/71790"}],"wp:attachment":[{"href":"https:\/\/politicosaldesnudo.com.mx\/index.php\/wp-json\/wp\/v2\/media?parent=71789"}],"wp:term":[{"taxonomy":"category","embeddable":true,"href":"https:\/\/politicosaldesnudo.com.mx\/index.php\/wp-json\/wp\/v2\/categories?post=71789"},{"taxonomy":"post_tag","embeddable":true,"href":"https:\/\/politicosaldesnudo.com.mx\/index.php\/wp-json\/wp\/v2\/tags?post=71789"}],"curies":[{"name":"wp","href":"https:\/\/api.w.org\/{rel}","templated":true}]}}