{"id":71792,"date":"2025-09-29T00:16:20","date_gmt":"2025-09-29T06:16:20","guid":{"rendered":"https:\/\/politicosaldesnudo.com.mx\/?p=71792"},"modified":"2025-09-28T22:47:35","modified_gmt":"2025-09-29T04:47:35","slug":"salio-de-la-pobreza-15-de-la-poblacion-de-colima-con-la-4t-sheinbaum","status":"publish","type":"post","link":"https:\/\/politicosaldesnudo.com.mx\/index.php\/2025\/09\/29\/salio-de-la-pobreza-15-de-la-poblacion-de-colima-con-la-4t-sheinbaum\/","title":{"rendered":"Sali\u00f3 de la pobreza 15% de la poblaci\u00f3n de Colima con la 4T: Sheinbaum"},"content":{"rendered":"<p class=\"nota-justify\">La presidenta Claudia Sheinbaum Pardo dio a conocer que mas del 15% de la poblaci\u00f3n de Colima, unas 115 mil personas, salieron de la pobreza gracias a las medidas impulsadas por la cuarta transformaci\u00f3n.<\/p>\n<p class=\"nota-justify\">En el marco de su gira nacional de rendici\u00f3n de cuentas por su primer informe de gobierno, la mandataria hizo hincapi\u00e9 que aumentar el salario m\u00ednimo fue una de las razones para que 13.5 millones de mexicanos salieran de la pobreza en el pasado sexenio.<\/p>\n<p class=\"nota-justify\">\u00abNo se nos olvidar nunca que en 36 a\u00f1os de gobiernos neoliberales no aumentaron el salario. Dijeron que Iba a haber inflaci\u00f3n, que se iba a devaluar el peso y con la 4T el salario aument\u00f3 135%, est\u00e1 contenida la inflaci\u00f3n, inversi\u00f3n r\u00e9cord y el peso es una de las monedas mas estables del mundo\u00bb.<\/p>\n<p class=\"nota-justify\">Agreg\u00f3 que esas medidas que adoptaron los gobiernos neoliberales causaron un da\u00f1o al pa\u00eds que est\u00e1 siendo reparado.<\/p>\n<p class=\"nota-justify\">\u00abMas de generaci\u00f3n sufri\u00f3 el modelo neoliberal que empobreci\u00f3 al pueblo y quieren regresar por sus fueros. De entrega de empresas p\u00fablicas, de privatizar carreteras, de deudas privadas como el fobaproa, mayor desigualdad, mayor pobreza, eso fue la oscura noche neolibera, plagada de corrupci\u00f3n. Todo eso acab\u00f3 en el 2018 cuando el pueblo vot\u00f3 por Andr\u00e9s Manuel L\u00f3pez Obrador\u00bb.<\/p>\n<p class=\"nota-justify\">En Colima, dijo, mas de 115 mil personas salieron de la pobreza y 191 mil reciben apoyos directos con los programas sociales.<\/p>\n<p class=\"nota-justify\">Sostuvo que est\u00e1n por iniciar la ampliaci\u00f3n del Puerto de Manzanillo y que ser\u00e1 una de las mayores obras de su gobierno.<\/p>\n<p class=\"nota-justify\">Apunt\u00f3 que trabajan en rehabilitar tres hospitales y se construir\u00e1 uno m\u00e1s en la ciudad de Manzanillo.<\/p>\n<p class=\"nota-justify\">Record\u00f3 que Colima es el estado 30 que visita en su gira que concluir\u00e1 en el Z\u00f3calo de la Ciudad de M\u00e9xico.<\/p>\n","protected":false},"excerpt":{"rendered":"<p>La presidenta Claudia Sheinbaum Pardo dio a conocer que mas del 15% de la poblaci\u00f3n de Colima, unas 115 mil<\/p>\n","protected":false},"author":4,"featured_media":71793,"comment_status":"closed","ping_status":"closed","sticky":false,"template":"","format":"standard","meta":{"colormag_page_container_layout":"default_layout","colormag_page_sidebar_layout":"default_layout","_jetpack_memberships_contains_paid_content":false,"footnotes":"","jetpack_publicize_message":"","jetpack_publicize_feature_enabled":true,"jetpack_social_post_already_shared":true,"jetpack_social_options":{"image_generator_settings":{"template":"highway","default_image_id":0,"font":"","enabled":false},"version":2}},"categories":[30],"tags":[],"class_list":["post-71792","post","type-post","status-publish","format-standard","has-post-thumbnail","hentry","category-estados"],"jetpack_publicize_connections":[],"jetpack_featured_media_url":"https:\/\/i0.wp.com\/politicosaldesnudo.com.mx\/wp-content\/uploads\/2025\/09\/CNTNT.jpg?fit=773%2C496&ssl=1","jetpack-related-posts":[],"jetpack_sharing_enabled":true,"_links":{"self":[{"href":"https:\/\/politicosaldesnudo.com.mx\/index.php\/wp-json\/wp\/v2\/posts\/71792","targetHints":{"allow":["GET"]}}],"collection":[{"href":"https:\/\/politicosaldesnudo.com.mx\/index.php\/wp-json\/wp\/v2\/posts"}],"about":[{"href":"https:\/\/politicosaldesnudo.com.mx\/index.php\/wp-json\/wp\/v2\/types\/post"}],"author":[{"embeddable":true,"href":"https:\/\/politicosaldesnudo.com.mx\/index.php\/wp-json\/wp\/v2\/users\/4"}],"replies":[{"embeddable":true,"href":"https:\/\/politicosaldesnudo.com.mx\/index.php\/wp-json\/wp\/v2\/comments?post=71792"}],"version-history":[{"count":0,"href":"https:\/\/politicosaldesnudo.com.mx\/index.php\/wp-json\/wp\/v2\/posts\/71792\/revisions"}],"wp:featuredmedia":[{"embeddable":true,"href":"https:\/\/politicosaldesnudo.com.mx\/index.php\/wp-json\/wp\/v2\/media\/71793"}],"wp:attachment":[{"href":"https:\/\/politicosaldesnudo.com.mx\/index.php\/wp-json\/wp\/v2\/media?parent=71792"}],"wp:term":[{"taxonomy":"category","embeddable":true,"href":"https:\/\/politicosaldesnudo.com.mx\/index.php\/wp-json\/wp\/v2\/categories?post=71792"},{"taxonomy":"post_tag","embeddable":true,"href":"https:\/\/politicosaldesnudo.com.mx\/index.php\/wp-json\/wp\/v2\/tags?post=71792"}],"curies":[{"name":"wp","href":"https:\/\/api.w.org\/{rel}","templated":true}]}}