{"id":71798,"date":"2025-09-29T00:18:27","date_gmt":"2025-09-29T06:18:27","guid":{"rendered":"https:\/\/politicosaldesnudo.com.mx\/?p=71798"},"modified":"2025-09-28T22:51:45","modified_gmt":"2025-09-29T04:51:45","slug":"eric-adams-abandona-la-contienda-por-la-alcaldia-de-nueva-york","status":"publish","type":"post","link":"https:\/\/politicosaldesnudo.com.mx\/index.php\/2025\/09\/29\/eric-adams-abandona-la-contienda-por-la-alcaldia-de-nueva-york\/","title":{"rendered":"Eric Adams abandona la contienda por la alcald\u00eda de Nueva York"},"content":{"rendered":"<p class=\"nota-justify\">El alcalde estadunidense, Eric Adams, anunci\u00f3 su retiro de la contienda por la alcald\u00eda de Nueva York este domingo, en medio de la presi\u00f3n creciente para frenar el avance de su contrincante, el socialista Zohran Mamdani, quien lidera las encuestas, inform\u00f3 New York Post.<\/p>\n<p class=\"nota-justify\">\u201cFue un honor ser su alcalde. Aunque tengamos \u00e9xito, s\u00e9 que no puedo continuar mi campa\u00f1a\u201d, declar\u00f3 Adams en un video difundido. A\u00f1adi\u00f3 que seguir\u00e1 en el servicio p\u00fablico y reiter\u00f3 que \u201csoy neoyorquino\u201d.<\/p>\n<p class=\"nota-justify\">El alcalde ocupaba el cuarto lugar en las preferencias, por debajo de Mamdani, del ex gobernador Andrew Cuomo y del republicano Curtis Sliwa. En su mensaje, Adams destac\u00f3 su gesti\u00f3n en temas de seguridad, vivienda y migraci\u00f3n, pero advirti\u00f3 que el gobierno local corre el riesgo de ser utilizado \u201cpara blanquear ideales radicales\u201d.<\/p>\n<p class=\"nota-justify\">El retiro de Adams ocurre despu\u00e9s de que el Departamento de Justicia del presidente Donald Trump desestim\u00f3 un caso de corrupci\u00f3n en su contra. Reconoci\u00f3 que su acusaci\u00f3n debilit\u00f3 su candidatura y abri\u00f3 espacio a la presi\u00f3n de dirigentes partidistas para abandonar la contienda.<\/p>\n<p class=\"nota-justify\">La salida de Adams reconfigura la disputa electoral en Nueva York, donde Mamdani aparece como el principal favorito.<\/p>\n<p>&nbsp;<\/p>\n","protected":false},"excerpt":{"rendered":"<p>El alcalde estadunidense, Eric Adams, anunci\u00f3 su retiro de la contienda por la alcald\u00eda de Nueva York este domingo, en<\/p>\n","protected":false},"author":4,"featured_media":71799,"comment_status":"closed","ping_status":"closed","sticky":false,"template":"","format":"standard","meta":{"colormag_page_container_layout":"default_layout","colormag_page_sidebar_layout":"default_layout","_jetpack_memberships_contains_paid_content":false,"footnotes":"","jetpack_publicize_message":"","jetpack_publicize_feature_enabled":true,"jetpack_social_post_already_shared":true,"jetpack_social_options":{"image_generator_settings":{"template":"highway","default_image_id":0,"font":"","enabled":false},"version":2}},"categories":[28],"tags":[],"class_list":["post-71798","post","type-post","status-publish","format-standard","has-post-thumbnail","hentry","category-internacional"],"jetpack_publicize_connections":[],"jetpack_featured_media_url":"https:\/\/i0.wp.com\/politicosaldesnudo.com.mx\/wp-content\/uploads\/2025\/09\/DIMA.jpg?fit=764%2C487&ssl=1","jetpack-related-posts":[],"jetpack_sharing_enabled":true,"_links":{"self":[{"href":"https:\/\/politicosaldesnudo.com.mx\/index.php\/wp-json\/wp\/v2\/posts\/71798","targetHints":{"allow":["GET"]}}],"collection":[{"href":"https:\/\/politicosaldesnudo.com.mx\/index.php\/wp-json\/wp\/v2\/posts"}],"about":[{"href":"https:\/\/politicosaldesnudo.com.mx\/index.php\/wp-json\/wp\/v2\/types\/post"}],"author":[{"embeddable":true,"href":"https:\/\/politicosaldesnudo.com.mx\/index.php\/wp-json\/wp\/v2\/users\/4"}],"replies":[{"embeddable":true,"href":"https:\/\/politicosaldesnudo.com.mx\/index.php\/wp-json\/wp\/v2\/comments?post=71798"}],"version-history":[{"count":0,"href":"https:\/\/politicosaldesnudo.com.mx\/index.php\/wp-json\/wp\/v2\/posts\/71798\/revisions"}],"wp:featuredmedia":[{"embeddable":true,"href":"https:\/\/politicosaldesnudo.com.mx\/index.php\/wp-json\/wp\/v2\/media\/71799"}],"wp:attachment":[{"href":"https:\/\/politicosaldesnudo.com.mx\/index.php\/wp-json\/wp\/v2\/media?parent=71798"}],"wp:term":[{"taxonomy":"category","embeddable":true,"href":"https:\/\/politicosaldesnudo.com.mx\/index.php\/wp-json\/wp\/v2\/categories?post=71798"},{"taxonomy":"post_tag","embeddable":true,"href":"https:\/\/politicosaldesnudo.com.mx\/index.php\/wp-json\/wp\/v2\/tags?post=71798"}],"curies":[{"name":"wp","href":"https:\/\/api.w.org\/{rel}","templated":true}]}}