{"id":71801,"date":"2025-09-29T00:19:29","date_gmt":"2025-09-29T06:19:29","guid":{"rendered":"https:\/\/politicosaldesnudo.com.mx\/?p=71801"},"modified":"2025-09-28T22:53:47","modified_gmt":"2025-09-29T04:53:47","slug":"trump-reunira-a-sus-principales-lideres-militares-en-virginia-proximo-martes","status":"publish","type":"post","link":"https:\/\/politicosaldesnudo.com.mx\/index.php\/2025\/09\/29\/trump-reunira-a-sus-principales-lideres-militares-en-virginia-proximo-martes\/","title":{"rendered":"Trump reunir\u00e1 a sus principales l\u00edderes militares en Virginia pr\u00f3ximo martes"},"content":{"rendered":"<p class=\"nota-justify\">El presidente Donald Trump hablar\u00e1 en una reuni\u00f3n convocada apresuradamente de los principales l\u00edderes militares el martes, seg\u00fan una persona con conocimiento de sus planes.<\/p>\n<p class=\"nota-justify\">Cientos de generales y almirantes \u2014comandantes superiores de rango de una estrella o m\u00e1s y sus principales asesores\u2014 han sido convocados de todo el mundo a la base del Cuerpo de Marines en Quantico, Virginia, con poco aviso por parte del secretario de Guerra, Pete Hegseth.<\/p>\n<p class=\"nota-justify\">La fuente no estaba autorizada para discutir los planes del presidente antes de un anuncio p\u00fablico sobre su asistencia y habl\u00f3 bajo condici\u00f3n de anonimato.<\/p>\n<p class=\"nota-justify\">La noticia sobre la reuni\u00f3n se conoci\u00f3 el jueves, y Trump no parec\u00eda estar al tanto cuando fue preguntado por primera vez por los reporteros durante una aparici\u00f3n en la Oficina Oval.<\/p>\n<p class=\"nota-justify\">\u00abEstar\u00e9 all\u00ed si me quieren, pero \u00bfpor qu\u00e9 es un asunto tan importante?\u00bb, pregunt\u00f3 \u00a0Trump.<\/p>\n<p class=\"nota-justify\">La participaci\u00f3n de Trump en la reuni\u00f3n aumenta la probabilidad de un evento politizado frente a una audiencia no partidista de l\u00edderes militares. En junio, pronunci\u00f3 comentarios al estilo de campa\u00f1a ante personal uniformado en Fort Bragg, Carolina del Norte, atacando a su predecesor dem\u00f3crata, Joe Biden.<\/p>\n<p class=\"nota-justify\">El presidente republicano tambi\u00e9n est\u00e1 ampliando el uso del ej\u00e9rcito en ciudades estadunidenses, argumentando que es necesario para combatir el crimen.<\/p>\n<p class=\"nota-justify\">La Guardia Nacional contin\u00faa patrullando en el Distrito de Columbia, y se espera un despliegue menor en Memphis, Tenesi. El s\u00e1bado, Trump anunci\u00f3 que tambi\u00e9n enviar\u00eda tropas a Portland, Oregon, para proteger contra \u00abterroristas dom\u00e9sticos\u00bb.<\/p>\n<p class=\"nota-justify\">A pesar de las objeciones de los funcionarios locales y estatales, Trump previamente envi\u00f3 a la Guardia Nacional y a los Marines en servicio activo a Los \u00c1ngeles, donde hubo protestas contra las masivas detenciones de inmigrantes.<\/p>\n<p class=\"nota-justify\">El principal portavoz del Pent\u00e1gono ha confirmado previamente que Hegseth \u00abse dirigir\u00e1 a sus l\u00edderes militares superiores a principios de la pr\u00f3xima semana\u00bb.<\/p>\n<p class=\"nota-justify\">En todo el ej\u00e9rcito, hay 800 generales y almirantes de todos los rangos. Muchos comandan a miles de miembros del servicio y est\u00e1n estacionados en todo el mundo en m\u00e1s de una docena de pa\u00edses y zonas horarias.<\/p>\n<p class=\"nota-justify\"><i>The Washington Post<\/i>\u00a0fue el primero en informar sobre los planes de Trump para asistir a la reuni\u00f3n.<\/p>\n","protected":false},"excerpt":{"rendered":"<p>El presidente Donald Trump hablar\u00e1 en una reuni\u00f3n convocada apresuradamente de los principales l\u00edderes militares el martes, seg\u00fan una persona<\/p>\n","protected":false},"author":4,"featured_media":71802,"comment_status":"closed","ping_status":"closed","sticky":false,"template":"","format":"standard","meta":{"colormag_page_container_layout":"default_layout","colormag_page_sidebar_layout":"default_layout","_jetpack_memberships_contains_paid_content":false,"footnotes":"","jetpack_publicize_message":"","jetpack_publicize_feature_enabled":true,"jetpack_social_post_already_shared":true,"jetpack_social_options":{"image_generator_settings":{"template":"highway","default_image_id":0,"font":"","enabled":false},"version":2}},"categories":[28],"tags":[],"class_list":["post-71801","post","type-post","status-publish","format-standard","has-post-thumbnail","hentry","category-internacional"],"jetpack_publicize_connections":[],"jetpack_featured_media_url":"https:\/\/i0.wp.com\/politicosaldesnudo.com.mx\/wp-content\/uploads\/2025\/09\/FARAM.jpg?fit=755%2C521&ssl=1","jetpack-related-posts":[],"jetpack_sharing_enabled":true,"_links":{"self":[{"href":"https:\/\/politicosaldesnudo.com.mx\/index.php\/wp-json\/wp\/v2\/posts\/71801","targetHints":{"allow":["GET"]}}],"collection":[{"href":"https:\/\/politicosaldesnudo.com.mx\/index.php\/wp-json\/wp\/v2\/posts"}],"about":[{"href":"https:\/\/politicosaldesnudo.com.mx\/index.php\/wp-json\/wp\/v2\/types\/post"}],"author":[{"embeddable":true,"href":"https:\/\/politicosaldesnudo.com.mx\/index.php\/wp-json\/wp\/v2\/users\/4"}],"replies":[{"embeddable":true,"href":"https:\/\/politicosaldesnudo.com.mx\/index.php\/wp-json\/wp\/v2\/comments?post=71801"}],"version-history":[{"count":0,"href":"https:\/\/politicosaldesnudo.com.mx\/index.php\/wp-json\/wp\/v2\/posts\/71801\/revisions"}],"wp:featuredmedia":[{"embeddable":true,"href":"https:\/\/politicosaldesnudo.com.mx\/index.php\/wp-json\/wp\/v2\/media\/71802"}],"wp:attachment":[{"href":"https:\/\/politicosaldesnudo.com.mx\/index.php\/wp-json\/wp\/v2\/media?parent=71801"}],"wp:term":[{"taxonomy":"category","embeddable":true,"href":"https:\/\/politicosaldesnudo.com.mx\/index.php\/wp-json\/wp\/v2\/categories?post=71801"},{"taxonomy":"post_tag","embeddable":true,"href":"https:\/\/politicosaldesnudo.com.mx\/index.php\/wp-json\/wp\/v2\/tags?post=71801"}],"curies":[{"name":"wp","href":"https:\/\/api.w.org\/{rel}","templated":true}]}}