{"id":71804,"date":"2025-09-29T00:20:24","date_gmt":"2025-09-29T06:20:24","guid":{"rendered":"https:\/\/politicosaldesnudo.com.mx\/?p=71804"},"modified":"2025-09-28T22:55:32","modified_gmt":"2025-09-29T04:55:32","slug":"inaceptables-amenazas-de-muerte-contra-jueces-que-condenaron-a-sarkozy-macron","status":"publish","type":"post","link":"https:\/\/politicosaldesnudo.com.mx\/index.php\/2025\/09\/29\/inaceptables-amenazas-de-muerte-contra-jueces-que-condenaron-a-sarkozy-macron\/","title":{"rendered":"\u00abInaceptables\u00bb amenazas de muerte contra jueces que condenaron a Sarkozy: Macron"},"content":{"rendered":"<p>El presidente franc\u00e9s, Emmanuel Macron, ha denunciado las \u00abinaceptables\u00bb amenazas de muerte recibidas por los jueces implicados en la condena a cinco a\u00f1os de prisi\u00f3n impuesta al expresidente Nicolas Sarkozy por conspiraci\u00f3n criminal por financiaci\u00f3n criminal de su campa\u00f1a electoral con fondos procedentes de Libia.<\/p>\n<p>\u00abLos ataques y amenazas de muerte, pasados o recientes, contra jueces son inaceptables. Por ello, el presidente de la Rep\u00fablica ha solicitado al Ministro de Justicia y al Ministro del Interior que, tan pronto como ocurran, los responsables sean identificados y procesados lo antes posible\u00bb, ha afirmado Macron en un comunicado difundido por la Presidencia francesa.<\/p>\n<p>El mandatario galo ha subrayado que \u00abel Estado de derecho es la base de nuestra democracia\u00bb y que \u00abla independencia del poder judicial, su imparcialidad y la protecci\u00f3n de los jueces son sus pilares esenciales\u00bb.<\/p>\n<p>Desde el El\u00edseo han apuntado que \u00ablas decisiones judiciales pueden ser comentadas o criticadas en el debate p\u00fablico, pero siempre con respeto a todos\u00bb. \u00abPueden ser impugnadas, en particular mediante el ejercicio de los recursos legales\u00bb, ha recordado.<\/p>\n<p>Macron ha subrayado adem\u00e1s que \u00aben nuestro Estado de derecho, la presunci\u00f3n de inocencia y el derecho de apelaci\u00f3n deben preservarse siempre\u00bb.<\/p>\n<p>El presidente del Tribunal de Apelaci\u00f3n de Par\u00eds, Jacques Boulard, realiz\u00f3 el s\u00e1bado un \u00abllamamiento solemne\u00bb y ha condenado la \u00abpuesta en cuesti\u00f3n\u00bb de la imparcialidad de la justicia, ya que adem\u00e1s de las amenazas, el propio Sarkozy ha reiterado su inocencia y ha puesto en cuesti\u00f3n el \u00abestado de derecho\u00bb.<\/p>\n<p>\u00abEn un Estado democr\u00e1tico de derecho, la cr\u00edtica a una decisi\u00f3n judicial no puede en ning\u00fan caso traducirse en amenazas contra los magistrados\u00bb, dijo Boulard.<\/p>\n<p>El Ministro de Justicia, G\u00e9rald Darmanin, tambi\u00e9n ha condenado \u00absin reservas (&#8230;) las intimidaciones y amenazas de muerte que afectan a los magistrados\u00bb. Estas amenazas contra los magistrados son \u00ababsolutamente intolerables en una democracia\u00bb, ha indicado en un mensaje publicado en X.<\/p>\n<p>La Fiscal\u00eda de Par\u00eds ha abierto dos investigaciones a ra\u00edz de \u00abmensajes amenazantes\u00bb contra el presidente del tribunal que conden\u00f3 el jueves a Sarkozy.<\/p>\n","protected":false},"excerpt":{"rendered":"<p>El presidente franc\u00e9s, Emmanuel Macron, ha denunciado las \u00abinaceptables\u00bb amenazas de muerte recibidas por los jueces implicados en la condena<\/p>\n","protected":false},"author":4,"featured_media":71805,"comment_status":"closed","ping_status":"closed","sticky":false,"template":"","format":"standard","meta":{"colormag_page_container_layout":"default_layout","colormag_page_sidebar_layout":"default_layout","_jetpack_memberships_contains_paid_content":false,"footnotes":"","jetpack_publicize_message":"","jetpack_publicize_feature_enabled":true,"jetpack_social_post_already_shared":true,"jetpack_social_options":{"image_generator_settings":{"template":"highway","default_image_id":0,"font":"","enabled":false},"version":2}},"categories":[28],"tags":[],"class_list":["post-71804","post","type-post","status-publish","format-standard","has-post-thumbnail","hentry","category-internacional"],"jetpack_publicize_connections":[],"jetpack_featured_media_url":"https:\/\/i0.wp.com\/politicosaldesnudo.com.mx\/wp-content\/uploads\/2025\/09\/OCLA.jpg?fit=750%2C506&ssl=1","jetpack-related-posts":[],"jetpack_sharing_enabled":true,"_links":{"self":[{"href":"https:\/\/politicosaldesnudo.com.mx\/index.php\/wp-json\/wp\/v2\/posts\/71804","targetHints":{"allow":["GET"]}}],"collection":[{"href":"https:\/\/politicosaldesnudo.com.mx\/index.php\/wp-json\/wp\/v2\/posts"}],"about":[{"href":"https:\/\/politicosaldesnudo.com.mx\/index.php\/wp-json\/wp\/v2\/types\/post"}],"author":[{"embeddable":true,"href":"https:\/\/politicosaldesnudo.com.mx\/index.php\/wp-json\/wp\/v2\/users\/4"}],"replies":[{"embeddable":true,"href":"https:\/\/politicosaldesnudo.com.mx\/index.php\/wp-json\/wp\/v2\/comments?post=71804"}],"version-history":[{"count":0,"href":"https:\/\/politicosaldesnudo.com.mx\/index.php\/wp-json\/wp\/v2\/posts\/71804\/revisions"}],"wp:featuredmedia":[{"embeddable":true,"href":"https:\/\/politicosaldesnudo.com.mx\/index.php\/wp-json\/wp\/v2\/media\/71805"}],"wp:attachment":[{"href":"https:\/\/politicosaldesnudo.com.mx\/index.php\/wp-json\/wp\/v2\/media?parent=71804"}],"wp:term":[{"taxonomy":"category","embeddable":true,"href":"https:\/\/politicosaldesnudo.com.mx\/index.php\/wp-json\/wp\/v2\/categories?post=71804"},{"taxonomy":"post_tag","embeddable":true,"href":"https:\/\/politicosaldesnudo.com.mx\/index.php\/wp-json\/wp\/v2\/tags?post=71804"}],"curies":[{"name":"wp","href":"https:\/\/api.w.org\/{rel}","templated":true}]}}