{"id":71807,"date":"2025-09-29T00:39:40","date_gmt":"2025-09-29T06:39:40","guid":{"rendered":"https:\/\/politicosaldesnudo.com.mx\/?p=71807"},"modified":"2025-09-29T00:39:40","modified_gmt":"2025-09-29T06:39:40","slug":"duro-golpe-a-los-traidores-de-la-patria","status":"publish","type":"post","link":"https:\/\/politicosaldesnudo.com.mx\/index.php\/2025\/09\/29\/duro-golpe-a-los-traidores-de-la-patria\/","title":{"rendered":"Duro golpe a los traidores de la patria"},"content":{"rendered":"<p>Con el premio mundial otorgado por la Internacional Proyect Management (IPMA), a la Refiner\u00eda Olmeca, resulta ser un duro golpe a los traidores de la patria.<\/p>\n<p>La Refiner\u00eda Olmeca, tambi\u00e9n conocida como Dos Bocas, reci\u00e9n construida en el estado de Tabasco, en donde, la hoy gobernadora de Veracruz, Roci\u00f3 Nahle estuvo muy pendiente de su ejecuci\u00f3n, recibe premio mundial. 152 mega\u00a0 proyectos de infraestructura fueron evaluados por\u00a0 expertos, y la Refiner\u00eda OLMECA obtuvo el tercer lugar\u00a0 (medalla de bronce). La Internacional Proyect Management (IPMA), evaluaron inversi\u00f3n, tecnolog\u00eda, estructura, tiempo de ejecuci\u00f3n y m\u00e9todos constructivos.<\/p>\n<p>Actualmente la Refiner\u00eda est\u00e1 produciendo Di\u00e9sel ecol\u00f3gico y gasolina. La noticia cobra importancia, dijo la presidenta Claudia Sheinbaum Pardo, en la ma\u00f1anera;\u00a0 primero porque PEMEX ten\u00eda a\u00f1os que no hac\u00eda una inversi\u00f3n en infraestructura, salvo la costos\u00edsima barda que construy\u00f3 en el Estado de Hidalgo, Felipe Calder\u00f3n, segundo porque significa retribuirle a PEMEX\u00a0 lo mucho que le ha dado al Estado y tercero, porque implica\u00a0 autosuficiencia energ\u00e9tica; a\u00f1adi\u00f3 que la visi\u00f3n y decisi\u00f3n del ex presidente Andr\u00e9s Manuel L\u00f3pez Obrador, fue enormemente extraordinaria.<\/p>\n<p>En efecto, el expresidente Andr\u00e9s Manuel L\u00f3pez Obrador, manifest\u00f3 en su momento que hab\u00eda que producir nuestros propios energ\u00e9ticos, porque ante cualquier eventualidad, nos cierran las fronteras y qu\u00e9 hacemos, dec\u00eda. Con \u00e9ste reconocimiento la oposici\u00f3n se qued\u00f3\u00a0 callada y sin argumento. Mientras la Refiner\u00eda no produc\u00eda\u00a0 criticaron fuertemente la inversi\u00f3n y construcci\u00f3n de \u00e9sta obra; es m\u00e1s, fue su principal bandera durante las campa\u00f1as electorales; sin embargo, con toda esa narrativa de lodo se les cae y quedan evidenciados como viles estercoleros.<\/p>\n<p>Una buena parte de esa oposici\u00f3n son los medios tradicionales que\u00a0 hoy, se las pasan inventando cualquier cosa y lo publican como noticia, y si el gobierno hace uso de su leg\u00edtimo derecho de la r\u00e9plica o contra replica o simplemente los cuestionas por el mal uso que hacen de la libertad de expresi\u00f3n, enseguida te califican de autoritarismo y censura.<\/p>\n<p>Hay voces que coinciden se debe regular el periodismo en todos los sentidos, hasta en el lenguaje, no es posible que en el continente americano le est\u00e9n apostando al lenguaje de la IA (inteligencia artificial), mientras que en China, est\u00e1n construyendo telef\u00e9ricos e importantes obras. \u00a1Claro!, lo hemos dicho, no existe una oposici\u00f3n como tal; m\u00e1s bien, la oposici\u00f3n est\u00e1 dentro del propio MORENA, por ejemplo, Ad\u00e1n Augusto Hern\u00e1ndez y su probable v\u00ednculos con Hern\u00e1n Berm\u00fadez Requena, ex secretario de Seguridad P\u00fablica de Tabasco, el Senador por su posesi\u00f3n pol\u00edtica y social debe aclarar lo que le est\u00e1n indilgando; incluso, solicitar licencia y enfrentar estos se\u00f1alamientos porque el que nada debe, nada teme, o por ejemplo tambi\u00e9n en Veracruz, donde Juan Javier G\u00f3mez Cazar\u00edn se est\u00e1 llevando entre las patas a todo el proyecto obradorista.<\/p>\n<p>&nbsp;<\/p>\n<p>Las fotograf\u00edas donde posa desnudo, seg\u00fan \u00e9l son IA, y; sin embargo, lo que hace es denigrar enormemente la imagen de una lucha social. Contra las impugnaciones presentadas\u00a0 por el Partido Acci\u00f3n Nacional (PAN) sobre las elecciones municipales de San Pedro Soteapan, Veracruz. El mi\u00e9rcoles, 24 de septiembre del 2025, la Sala Regional del Tribunal Electoral del Poder Judicial de la Federaci\u00f3n, con sede en Xalapa, ratific\u00f3 y\/o confirm\u00f3 la sentencia emitida por el Tribunal Electoral de Veracruz, mediante el cual se valid\u00f3 las elecciones llevadas a cabo en junio de este a\u00f1o, en el que result\u00f3 de forma contundente dan el triunfo al joven empresario Sosimo L\u00f3pez Ram\u00edrez, como presidente electo de \u00e9ste importante municipio enclavado en la sierra Santa Martha.<\/p>\n<p>&nbsp;<\/p>\n<p>EL MARTES, PRIMERO DE OCTUBRE, el Congreso del Estado de Veracruz abre sus puertas a la riqueza y tradici\u00f3n del caf\u00e9 veracruzano en este Festival de su \u201cD\u00eda\u00a0 Internacional\u201d. El evento es coordinado por la presidenta de la comisi\u00f3n del Caf\u00e9 en la C\u00e1mara local. Diputada Victoria Guti\u00e9rrez P\u00e9rez.<\/p>\n<p>&nbsp;<\/p>\n<p>Un espacio que reunir\u00e1 a productores, expositores, artesanos, proveedores y especialistas del sector, con ponencias, actividades culturales y art\u00edsticas que celebran la identidad cafetalera de nuestra tierra, pero adem\u00e1s en donde est\u00e1n invitados cafetaleros de pa\u00edses como Colombia, Brasil, Cuba, que ya confirmaron su asistencia a este gran evento en d\u00f3nde el arom\u00e1tico en sus diferentes variedades ser\u00e1 el tema principal de este 1 de octubre.<\/p>\n<p>El gran escritor, conferencista y columnista, Armando Fuentes Aguirre \u201cCat\u00f3n\u201d, una de sus muchas frases que utiliza en sus pl\u00e1ticas dice el CAF\u00c9 debe ser \u201cCaliente, Amargo, Fuerte y Escaso\u201d, para que se disfrute y se le d\u00e9 la importancia como se lo dan los turcos en sus compromisos de pedimento matrimonial.<\/p>\n<p>&nbsp;<\/p>\n<p>Este festival cuidadosamente formado hasta el m\u00e1s m\u00ednimo detalle por la legisladora, tiene como prop\u00f3sito impulsar, reconocer y posicionar al caf\u00e9 veracruzano a nivel mundial, fortaleciendo el trabajo de quienes con esfuerzo y pasi\u00f3n dan vida a esta bebida que nos representa en el mundo.<\/p>\n<p>Pero tambi\u00e9n ya lo dijo la gobernadora de Veracruz, Roci\u00f3 Nahle Garc\u00eda, en su reuni\u00f3n del s\u00e1bado en Boca del R\u00edo \u201cel caf\u00e9 veracruzano llegar\u00e1 hasta la estratosfera\u201d, testigos, miles de mujeres que asistieron a la presentaci\u00f3n de la cartilla de Derechos de las Mujeres, misma que impulsa a Veracruz hacia la igualdad y la libertad.<\/p>\n<p>Seg\u00fan estudios y an\u00e1lisis, esta herramienta esencial empodera a las mujeres, fomenta su igualdad y combate la violencia.<\/p>\n<p>Traducida a varias lenguas, promueve 15 derechos fundamentales: libertad, dignidad y autonom\u00eda, y brinda atenci\u00f3n psicol\u00f3gica, jur\u00eddica y comunitaria en los centros libres de Veracruz.<\/p>\n<p><img data-recalc-dims=\"1\" loading=\"lazy\" decoding=\"async\" class=\"aligncenter wp-image-71808 size-full\" src=\"https:\/\/i0.wp.com\/politicosaldesnudo.com.mx\/wp-content\/uploads\/2025\/09\/FIRMA-EDITORIAL-PD-8.jpg?resize=800%2C98&#038;ssl=1\" alt=\"\" width=\"800\" height=\"98\" srcset=\"https:\/\/i0.wp.com\/politicosaldesnudo.com.mx\/wp-content\/uploads\/2025\/09\/FIRMA-EDITORIAL-PD-8.jpg?w=1024&amp;ssl=1 1024w, https:\/\/i0.wp.com\/politicosaldesnudo.com.mx\/wp-content\/uploads\/2025\/09\/FIRMA-EDITORIAL-PD-8.jpg?resize=300%2C37&amp;ssl=1 300w, https:\/\/i0.wp.com\/politicosaldesnudo.com.mx\/wp-content\/uploads\/2025\/09\/FIRMA-EDITORIAL-PD-8.jpg?resize=768%2C94&amp;ssl=1 768w\" sizes=\"auto, (max-width: 800px) 100vw, 800px\" \/><\/p>\n","protected":false},"excerpt":{"rendered":"<p>Con el premio mundial otorgado por la Internacional Proyect Management (IPMA), a la Refiner\u00eda Olmeca, resulta ser un duro golpe<\/p>\n","protected":false},"author":4,"featured_media":70837,"comment_status":"closed","ping_status":"closed","sticky":false,"template":"","format":"standard","meta":{"colormag_page_container_layout":"default_layout","colormag_page_sidebar_layout":"default_layout","_jetpack_memberships_contains_paid_content":false,"footnotes":"","jetpack_publicize_message":"","jetpack_publicize_feature_enabled":true,"jetpack_social_post_already_shared":true,"jetpack_social_options":{"image_generator_settings":{"template":"highway","default_image_id":0,"font":"","enabled":false},"version":2}},"categories":[26],"tags":[],"class_list":["post-71807","post","type-post","status-publish","format-standard","has-post-thumbnail","hentry","category-columnistas"],"jetpack_publicize_connections":[],"jetpack_featured_media_url":"https:\/\/i0.wp.com\/politicosaldesnudo.com.mx\/wp-content\/uploads\/2025\/09\/LEAD-POLITICO-AZUL.jpg?fit=800%2C445&ssl=1","jetpack-related-posts":[],"jetpack_sharing_enabled":true,"_links":{"self":[{"href":"https:\/\/politicosaldesnudo.com.mx\/index.php\/wp-json\/wp\/v2\/posts\/71807","targetHints":{"allow":["GET"]}}],"collection":[{"href":"https:\/\/politicosaldesnudo.com.mx\/index.php\/wp-json\/wp\/v2\/posts"}],"about":[{"href":"https:\/\/politicosaldesnudo.com.mx\/index.php\/wp-json\/wp\/v2\/types\/post"}],"author":[{"embeddable":true,"href":"https:\/\/politicosaldesnudo.com.mx\/index.php\/wp-json\/wp\/v2\/users\/4"}],"replies":[{"embeddable":true,"href":"https:\/\/politicosaldesnudo.com.mx\/index.php\/wp-json\/wp\/v2\/comments?post=71807"}],"version-history":[{"count":0,"href":"https:\/\/politicosaldesnudo.com.mx\/index.php\/wp-json\/wp\/v2\/posts\/71807\/revisions"}],"wp:featuredmedia":[{"embeddable":true,"href":"https:\/\/politicosaldesnudo.com.mx\/index.php\/wp-json\/wp\/v2\/media\/70837"}],"wp:attachment":[{"href":"https:\/\/politicosaldesnudo.com.mx\/index.php\/wp-json\/wp\/v2\/media?parent=71807"}],"wp:term":[{"taxonomy":"category","embeddable":true,"href":"https:\/\/politicosaldesnudo.com.mx\/index.php\/wp-json\/wp\/v2\/categories?post=71807"},{"taxonomy":"post_tag","embeddable":true,"href":"https:\/\/politicosaldesnudo.com.mx\/index.php\/wp-json\/wp\/v2\/tags?post=71807"}],"curies":[{"name":"wp","href":"https:\/\/api.w.org\/{rel}","templated":true}]}}