{"id":71810,"date":"2025-09-29T00:41:12","date_gmt":"2025-09-29T06:41:12","guid":{"rendered":"https:\/\/politicosaldesnudo.com.mx\/?p=71810"},"modified":"2025-09-29T00:41:12","modified_gmt":"2025-09-29T06:41:12","slug":"tarea-de-ebrard-con-eu-separar-comercio-de-seguridad","status":"publish","type":"post","link":"https:\/\/politicosaldesnudo.com.mx\/index.php\/2025\/09\/29\/tarea-de-ebrard-con-eu-separar-comercio-de-seguridad\/","title":{"rendered":"Tarea de Ebrard con EU: Separar comercio de seguridad"},"content":{"rendered":"<p><strong>Marcelo Ebrard<\/strong>\u00a0tiene nueva encomienda.<\/p>\n<p>Tareas adicionales a las ordinarias como secretario de Comercio, la defensa de M\u00e9xico contra los aranceles ordenados por\u00a0<strong>Donald Trump<\/strong>\u00a0y la aplicaci\u00f3n de otros a pa\u00edses no afines.<\/p>\n<p>Es una labor de filigrana: separar la renegociaci\u00f3n del T-MEC, el tratado entre M\u00e9xico, Estados Unidos y Canad\u00e1 de toda relaci\u00f3n con tareas de combate al crimen organizado.<\/p>\n<p>Porque hasta hoy se han contaminado ambas cosas.<\/p>\n<p>Las amenazas comenzaron desde marzo pasado, cuando el presidente estadunidense anunci\u00f3 30 por ciento a las exportaciones mexicanas hacia su territorio.<\/p>\n<p>El pretexto fue, seg\u00fan dijo el magnate, la nula o escasa colaboraci\u00f3n en el combate a la migraci\u00f3n y a los<em>\u00a0<\/em><a href=\"https:\/\/24-horas.mx\/tag\/carteles\"><em>c\u00e1rteles<\/em><\/a><em>\u00a0<\/em>en general, en especial para detener el flujo de fentanilo hacia el norte.<\/p>\n<p>Entonces\u00a0<strong>Ebrard\u00a0<\/strong>acudi\u00f3 presuroso a Washington y contuvo parcialmente la aplicaci\u00f3n de esos impuestos, aunque se dejaron otros como los determinados para acero y aluminio.<\/p>\n<p>Luego siguieron otras acciones a productos agr\u00edcolas, al ganado por la plaga de gusano barrenador detectada en el sur y el sureste mexicanos, reci\u00e9n detectada en el norte.<\/p>\n<p><strong>CANAD\u00c1 COMO SOCIO<\/strong><\/p>\n<p>Algunos beneficios se alcanzan con cesiones.<\/p>\n<p>Uno de ellos, en consonancia con Estados Unidos, es aplicar cargas arancelarias mayores -hasta de 50 por ciento en el caso de los autom\u00f3viles- a China y otros pa\u00edses asi\u00e1ticos en distintos productos.<\/p>\n<p><strong>Marcelo Ebrard<\/strong>, quien con raz\u00f3n presume las puertas abiertas del gobierno en Washington, deber\u00e1 encontrar caminos distintos a los del Gabinete de Seguridad, donde\u00a0<strong>Omar Garc\u00eda Harfuch<\/strong>\u00a0es mano.<\/p>\n<p>Hasta ahora el principal obst\u00e1culo se ha sentido de Estados Unidos con\u00a0<strong>Donald Trump<\/strong>, pero en la renegociaci\u00f3n entre Canad\u00e1 y apenas avanzan los contactos con el primer ministro\u00a0<strong>Mark Carney<\/strong>.<\/p>\n<p>Antes hubo lejan\u00eda con\u00a0<strong>Justin Trudeau<\/strong>, quien para congraciarse con\u00a0<strong>Donald Trump<\/strong>\u00a0tom\u00f3 medidas paralelas, entre ellas declarar terroristas a los\u00a0<em>c\u00e1rteles<\/em>\u00a0mexicanos.<\/p>\n<p><strong>ESAS PAUSAS DE AMLO<\/strong><\/p>\n<p>1.- El trato se ha redireccionado.<\/p>\n<p>La relaci\u00f3n diplom\u00e1tica se paus\u00f3 &#8211;<strong>Andr\u00e9s Manuel L\u00f3pez Obrador\u00a0<\/strong><em>dixit<\/em>&#8211; por su desinter\u00e9s en mantener contacto con otros gobiernos bajo el principio de \u201cla mejor pol\u00edtica externa es la interna\u201d.<\/p>\n<p>En 2019, M\u00e9xico mand\u00f3 de embajador a\u00a0<strong>Juan Ignacio G\u00f3mez<\/strong>, pero durante la pandemia del Covid opt\u00f3 por atender sus labores acad\u00e9micas y renunci\u00f3 en 2022.<\/p>\n<p>En 2023 lleg\u00f3 a Ottawa\u00a0<strong>Carlos Joaqu\u00edn Gonz\u00e1lez\u00a0<\/strong>con la tarea de reconstruir la relaci\u00f3n cual dos socios comerciales tanto en lo bilateral como miembros del T-MEC.<\/p>\n<p>Con ese esfuerzo y la llegada de\u00a0<strong>Mark Carney\u00a0<\/strong>al poder fue posible encauzar proyectos de inversi\u00f3n y sellar la alianza la semana pasada durante la visita del primer ministro canadiense a M\u00e9xico.<\/p>\n<p>Los acuerdos pueden ir a m\u00e1s y sobre todo deshacerse de los se\u00f1alamientos de Canad\u00e1 a M\u00e9xico como culpable del narcotr\u00e1fico y de no combatir la violencia de las bandas productoras de fentanilo.<\/p>\n<p>Tarea de todo un gobierno, pero hoy encomendada a\u00a0<strong>Marcelo Ebrard<\/strong>.<\/p>\n<p>Y 2.- a la vez el secretario de Econom\u00eda debe apagar fuegos internos.<\/p>\n<p>Uno de ellos es la molestia de los embotelladores tras la asistencia de\u00a0<strong>Marcelo Ebrard<\/strong>\u00a0a la firma del convenio para crear un polo de desarrollo econ\u00f3mico en Huamantla, Tlaxcala.<\/p>\n<p>Les gener\u00f3 confianza y, a los pocos d\u00edas, se sintieron agraviados porque aumentaron las tasas impositivas a los refrescos y otros de sus productos considerados da\u00f1inos por el Gobierno.<\/p>\n<p><img data-recalc-dims=\"1\" loading=\"lazy\" decoding=\"async\" class=\"aligncenter size-full wp-image-71808\" src=\"https:\/\/i0.wp.com\/politicosaldesnudo.com.mx\/wp-content\/uploads\/2025\/09\/FIRMA-EDITORIAL-PD-8.jpg?resize=800%2C98&#038;ssl=1\" alt=\"\" width=\"800\" height=\"98\" srcset=\"https:\/\/i0.wp.com\/politicosaldesnudo.com.mx\/wp-content\/uploads\/2025\/09\/FIRMA-EDITORIAL-PD-8.jpg?w=1024&amp;ssl=1 1024w, https:\/\/i0.wp.com\/politicosaldesnudo.com.mx\/wp-content\/uploads\/2025\/09\/FIRMA-EDITORIAL-PD-8.jpg?resize=300%2C37&amp;ssl=1 300w, https:\/\/i0.wp.com\/politicosaldesnudo.com.mx\/wp-content\/uploads\/2025\/09\/FIRMA-EDITORIAL-PD-8.jpg?resize=768%2C94&amp;ssl=1 768w\" sizes=\"auto, (max-width: 800px) 100vw, 800px\" \/><\/p>\n","protected":false},"excerpt":{"rendered":"<p>Marcelo Ebrard\u00a0tiene nueva encomienda. Tareas adicionales a las ordinarias como secretario de Comercio, la defensa de M\u00e9xico contra los aranceles<\/p>\n","protected":false},"author":4,"featured_media":51971,"comment_status":"closed","ping_status":"closed","sticky":false,"template":"","format":"standard","meta":{"colormag_page_container_layout":"default_layout","colormag_page_sidebar_layout":"default_layout","_jetpack_memberships_contains_paid_content":false,"footnotes":"","jetpack_publicize_message":"","jetpack_publicize_feature_enabled":true,"jetpack_social_post_already_shared":true,"jetpack_social_options":{"image_generator_settings":{"template":"highway","default_image_id":0,"font":"","enabled":false},"version":2}},"categories":[26],"tags":[],"class_list":["post-71810","post","type-post","status-publish","format-standard","has-post-thumbnail","hentry","category-columnistas"],"jetpack_publicize_connections":[],"jetpack_featured_media_url":"https:\/\/i0.wp.com\/politicosaldesnudo.com.mx\/wp-content\/uploads\/2024\/12\/TELEFONO-ROJO.jpg?fit=800%2C448&ssl=1","jetpack-related-posts":[],"jetpack_sharing_enabled":true,"_links":{"self":[{"href":"https:\/\/politicosaldesnudo.com.mx\/index.php\/wp-json\/wp\/v2\/posts\/71810","targetHints":{"allow":["GET"]}}],"collection":[{"href":"https:\/\/politicosaldesnudo.com.mx\/index.php\/wp-json\/wp\/v2\/posts"}],"about":[{"href":"https:\/\/politicosaldesnudo.com.mx\/index.php\/wp-json\/wp\/v2\/types\/post"}],"author":[{"embeddable":true,"href":"https:\/\/politicosaldesnudo.com.mx\/index.php\/wp-json\/wp\/v2\/users\/4"}],"replies":[{"embeddable":true,"href":"https:\/\/politicosaldesnudo.com.mx\/index.php\/wp-json\/wp\/v2\/comments?post=71810"}],"version-history":[{"count":0,"href":"https:\/\/politicosaldesnudo.com.mx\/index.php\/wp-json\/wp\/v2\/posts\/71810\/revisions"}],"wp:featuredmedia":[{"embeddable":true,"href":"https:\/\/politicosaldesnudo.com.mx\/index.php\/wp-json\/wp\/v2\/media\/51971"}],"wp:attachment":[{"href":"https:\/\/politicosaldesnudo.com.mx\/index.php\/wp-json\/wp\/v2\/media?parent=71810"}],"wp:term":[{"taxonomy":"category","embeddable":true,"href":"https:\/\/politicosaldesnudo.com.mx\/index.php\/wp-json\/wp\/v2\/categories?post=71810"},{"taxonomy":"post_tag","embeddable":true,"href":"https:\/\/politicosaldesnudo.com.mx\/index.php\/wp-json\/wp\/v2\/tags?post=71810"}],"curies":[{"name":"wp","href":"https:\/\/api.w.org\/{rel}","templated":true}]}}