{"id":71880,"date":"2025-09-30T00:15:08","date_gmt":"2025-09-30T06:15:08","guid":{"rendered":"https:\/\/politicosaldesnudo.com.mx\/?p=71880"},"modified":"2025-09-29T20:33:27","modified_gmt":"2025-09-30T02:33:27","slug":"ayuntamiento-de-morelia-cancela-corrida-de-toros-tras-revocacion-de-amparo","status":"publish","type":"post","link":"https:\/\/politicosaldesnudo.com.mx\/index.php\/2025\/09\/30\/ayuntamiento-de-morelia-cancela-corrida-de-toros-tras-revocacion-de-amparo\/","title":{"rendered":"Ayuntamiento de Morelia cancela corrida de toros tras revocaci\u00f3n de amparo"},"content":{"rendered":"<p>Tras la protesta del gobierno de Michoac\u00e1n por haberse otorgado permiso para la celebraci\u00f3n de una corrida de toros en la capital del estado, para este martes 30 de septiembre, el ayuntamiento de Morelia inform\u00f3 que se cancela\u00a0la fiesta taurina.<\/p>\n<p>Ya estaba todo listo para que la corrida de toros se llevara a cabo este martes en la Plaza de Toros de Morelia, se hab\u00eda confirmado el cartel; hab\u00eda boletos vendidos, publicidad difundida. No obstante, el alcalde, Alfonso Mart\u00ednez Alc\u00e1zar, inform\u00f3 que un juez federal neg\u00f3 el amparo que el torero Emiliano Villafuerte, El Moso, hab\u00eda interpuesto para la realizaci\u00f3n de la corrida. Ante ello, la administraci\u00f3n municipal ha decidido revocar el permiso para tal evento.<\/p>\n<p>Por la ma\u00f1ana de este lunes, el gobernador Alfredo Ram\u00edrez Bedolla, declar\u00f3 ante los medios que en abril de este a\u00f1o, el Congreso local aprob\u00f3 suspender definitivamente cualquier festejo taurino. Dijo que su gobierno alzar\u00e1 la voz y acudir\u00e1 ante el Tribunal de Disciplina Judicial para pedir la destituci\u00f3n de la jueza que autoriz\u00f3 la corrida de toros del pr\u00f3ximo 30 de septiembre.<\/p>\n<p>El mandatario hizo un llamado a los empresarios a no violentar la ley y no llevar a cabo la corrida de toros, porque eso es lo legal y lo prudente. Afirm\u00f3 que la suspensi\u00f3n de la corrida es una atribuci\u00f3n del ayuntamiento de Morelia.<\/p>\n","protected":false},"excerpt":{"rendered":"<p>Tras la protesta del gobierno de Michoac\u00e1n por haberse otorgado permiso para la celebraci\u00f3n de una corrida de toros en<\/p>\n","protected":false},"author":4,"featured_media":71881,"comment_status":"closed","ping_status":"closed","sticky":false,"template":"","format":"standard","meta":{"colormag_page_container_layout":"default_layout","colormag_page_sidebar_layout":"default_layout","_jetpack_memberships_contains_paid_content":false,"footnotes":"","jetpack_publicize_message":"","jetpack_publicize_feature_enabled":true,"jetpack_social_post_already_shared":true,"jetpack_social_options":{"image_generator_settings":{"template":"highway","default_image_id":0,"font":"","enabled":false},"version":2}},"categories":[30],"tags":[],"class_list":["post-71880","post","type-post","status-publish","format-standard","has-post-thumbnail","hentry","category-estados"],"jetpack_publicize_connections":[],"jetpack_featured_media_url":"https:\/\/i0.wp.com\/politicosaldesnudo.com.mx\/wp-content\/uploads\/2025\/09\/Picador.jpg?fit=2560%2C1644&ssl=1","jetpack-related-posts":[],"jetpack_sharing_enabled":true,"_links":{"self":[{"href":"https:\/\/politicosaldesnudo.com.mx\/index.php\/wp-json\/wp\/v2\/posts\/71880","targetHints":{"allow":["GET"]}}],"collection":[{"href":"https:\/\/politicosaldesnudo.com.mx\/index.php\/wp-json\/wp\/v2\/posts"}],"about":[{"href":"https:\/\/politicosaldesnudo.com.mx\/index.php\/wp-json\/wp\/v2\/types\/post"}],"author":[{"embeddable":true,"href":"https:\/\/politicosaldesnudo.com.mx\/index.php\/wp-json\/wp\/v2\/users\/4"}],"replies":[{"embeddable":true,"href":"https:\/\/politicosaldesnudo.com.mx\/index.php\/wp-json\/wp\/v2\/comments?post=71880"}],"version-history":[{"count":0,"href":"https:\/\/politicosaldesnudo.com.mx\/index.php\/wp-json\/wp\/v2\/posts\/71880\/revisions"}],"wp:featuredmedia":[{"embeddable":true,"href":"https:\/\/politicosaldesnudo.com.mx\/index.php\/wp-json\/wp\/v2\/media\/71881"}],"wp:attachment":[{"href":"https:\/\/politicosaldesnudo.com.mx\/index.php\/wp-json\/wp\/v2\/media?parent=71880"}],"wp:term":[{"taxonomy":"category","embeddable":true,"href":"https:\/\/politicosaldesnudo.com.mx\/index.php\/wp-json\/wp\/v2\/categories?post=71880"},{"taxonomy":"post_tag","embeddable":true,"href":"https:\/\/politicosaldesnudo.com.mx\/index.php\/wp-json\/wp\/v2\/tags?post=71880"}],"curies":[{"name":"wp","href":"https:\/\/api.w.org\/{rel}","templated":true}]}}