{"id":71883,"date":"2025-09-30T00:16:13","date_gmt":"2025-09-30T06:16:13","guid":{"rendered":"https:\/\/politicosaldesnudo.com.mx\/?p=71883"},"modified":"2025-09-29T20:35:28","modified_gmt":"2025-09-30T02:35:28","slug":"transportistas-colapsan-el-centro-de-morelos-exigen-conocer-iniciativa-sobre-movilidad","status":"publish","type":"post","link":"https:\/\/politicosaldesnudo.com.mx\/index.php\/2025\/09\/30\/transportistas-colapsan-el-centro-de-morelos-exigen-conocer-iniciativa-sobre-movilidad\/","title":{"rendered":"Transportistas colapsan el centro de Morelos; exigen conocer iniciativa sobre Movilidad"},"content":{"rendered":"<p class=\"nota-justify\">M\u00e1s de 300 unidades\u00a0del Transporte P\u00fablico de Morelos, entre de microbuses y combis, colapsaron el centro de la ciudad capital\u00a0y las calles aleda\u00f1as al legislativo\u00a0para exigir a la gobernadora, Margarita Gonz\u00e1lez, y al Congreso local, se les permita conocer una iniciativa de ley sobre Movilidad y Transporte que se present\u00f3 el jueves pasado ante el pleno.<\/p>\n<p class=\"nota-justify\">Los transportistas del estado paralizaron estos dos puntos de la ciudad, porque aseguraron que tienen\u00a0varias exigencias que la mandataria estatal no ha atendido a pesar que ya va cumplir un a\u00f1o en el poder ( el 1\u00b0 de octubre), entre \u00e9stas, la\u00a0soluci\u00f3n al transporte que est\u00e1 \u00abcolapsado\u00bb y que urge, seg\u00fan Dagoberto Rivera Jaimes,\u00a0de la Federaci\u00f3n Aut\u00e9ntica del Transporte (FAT), un incremento en la tarifa, porque asegur\u00f3 que 10 pesos es insuficiente para el combustible, y el mantenimiento de las 14 mil unidades de transporte que hay en Morelos.<\/p>\n<p class=\"nota-justify\">Incluso se\u00f1al\u00f3 que desde agosto de 2024 todav\u00eda en la pasada administraci\u00f3n estatal del ex gobernador, Cuauht\u00e9moc Blanco Bravo, despu\u00e9s de que no prosper\u00f3 el alza en la tarifa; han venido laborando bajo protesta y pegotes en sus unidades que dice: \u201cSoluci\u00f3n al ajuste de la tarifa de\u00a0 transporte Sra: Gobernadora\u201d, y \u201c Sra. Gobernadora: Soluci\u00f3n a la problem\u00e1tica del Transporte est\u00e1 colapsado\u201d.<\/p>\n<p class=\"nota-justify\">Sin embargo, la gota que derram\u00f3 el vaso para movilizarse, fue que el jueves los diputados locales presentaron dicha iniciativa sobre Movilidad y Transporte, y ellos pidieron revisarla pero no se las entregaron ni siquiera un d\u00eda despu\u00e9s de que fue presentada ante el pleno del Congreso local el pasado jueves.<\/p>\n<p class=\"nota-justify\">\u201cQueremos cumplimiento a lo que hab\u00edamos quedado el pasado jueves en el Congreso del estado, en donde ellos presentaron una iniciativa de ley sobre Movilidad y Transporte y que hab\u00eda quedado el coordinador que el viernes nos har\u00eda entrega (de \u00e9sta), no nos hizo entrega de nada y no tuvo la atenci\u00f3n de decir por qu\u00e9 motivo no la pudo entregar\u201d.<\/p>\n<p class=\"nota-justify\">\u201cHasta que hoy d\u00eda nos movilizamos y el jefe de la gubernatura nos abre un espacio despu\u00e9s de estar en el Congreso y\u00a0dice que nos va dar contestaci\u00f3n y nos va facilitar la iniciativa de ley para que ustedes la analicen y vean, si es t\u00e9rminos consensuados, adelante, y si no discutiremos punto por punto de que es lo que no est\u00e1 bien en la ley\u201d, asegur\u00f3 el dirigente transportista.<\/p>\n","protected":false},"excerpt":{"rendered":"<p>M\u00e1s de 300 unidades\u00a0del Transporte P\u00fablico de Morelos, entre de microbuses y combis, colapsaron el centro de la ciudad capital\u00a0y<\/p>\n","protected":false},"author":4,"featured_media":71884,"comment_status":"closed","ping_status":"closed","sticky":false,"template":"","format":"standard","meta":{"colormag_page_container_layout":"default_layout","colormag_page_sidebar_layout":"default_layout","_jetpack_memberships_contains_paid_content":false,"footnotes":"","jetpack_publicize_message":"","jetpack_publicize_feature_enabled":true,"jetpack_social_post_already_shared":true,"jetpack_social_options":{"image_generator_settings":{"template":"highway","default_image_id":0,"font":"","enabled":false},"version":2}},"categories":[30],"tags":[],"class_list":["post-71883","post","type-post","status-publish","format-standard","has-post-thumbnail","hentry","category-estados"],"jetpack_publicize_connections":[],"jetpack_featured_media_url":"https:\/\/i0.wp.com\/politicosaldesnudo.com.mx\/wp-content\/uploads\/2025\/09\/MORL.jpg?fit=784%2C568&ssl=1","jetpack-related-posts":[],"jetpack_sharing_enabled":true,"_links":{"self":[{"href":"https:\/\/politicosaldesnudo.com.mx\/index.php\/wp-json\/wp\/v2\/posts\/71883","targetHints":{"allow":["GET"]}}],"collection":[{"href":"https:\/\/politicosaldesnudo.com.mx\/index.php\/wp-json\/wp\/v2\/posts"}],"about":[{"href":"https:\/\/politicosaldesnudo.com.mx\/index.php\/wp-json\/wp\/v2\/types\/post"}],"author":[{"embeddable":true,"href":"https:\/\/politicosaldesnudo.com.mx\/index.php\/wp-json\/wp\/v2\/users\/4"}],"replies":[{"embeddable":true,"href":"https:\/\/politicosaldesnudo.com.mx\/index.php\/wp-json\/wp\/v2\/comments?post=71883"}],"version-history":[{"count":0,"href":"https:\/\/politicosaldesnudo.com.mx\/index.php\/wp-json\/wp\/v2\/posts\/71883\/revisions"}],"wp:featuredmedia":[{"embeddable":true,"href":"https:\/\/politicosaldesnudo.com.mx\/index.php\/wp-json\/wp\/v2\/media\/71884"}],"wp:attachment":[{"href":"https:\/\/politicosaldesnudo.com.mx\/index.php\/wp-json\/wp\/v2\/media?parent=71883"}],"wp:term":[{"taxonomy":"category","embeddable":true,"href":"https:\/\/politicosaldesnudo.com.mx\/index.php\/wp-json\/wp\/v2\/categories?post=71883"},{"taxonomy":"post_tag","embeddable":true,"href":"https:\/\/politicosaldesnudo.com.mx\/index.php\/wp-json\/wp\/v2\/tags?post=71883"}],"curies":[{"name":"wp","href":"https:\/\/api.w.org\/{rel}","templated":true}]}}