{"id":71886,"date":"2025-09-30T00:17:40","date_gmt":"2025-09-30T06:17:40","guid":{"rendered":"https:\/\/politicosaldesnudo.com.mx\/?p=71886"},"modified":"2025-09-29T20:37:48","modified_gmt":"2025-09-30T02:37:48","slug":"al-menos-74-heridos-en-recientes-protestas-de-jovenes-en-lima","status":"publish","type":"post","link":"https:\/\/politicosaldesnudo.com.mx\/index.php\/2025\/09\/30\/al-menos-74-heridos-en-recientes-protestas-de-jovenes-en-lima\/","title":{"rendered":"Al menos 74 heridos en recientes protestas de j\u00f3venes en Lima"},"content":{"rendered":"<p class=\"nota-justify\">Al menos 74 heridos, entre ellos hay 26 polic\u00edas y nueve periodistas, a causa de las m\u00e1s recientes protestas contra el gobierno y el congreso en Per\u00fa, de acuerdo con reportes oficiales y de organizaciones independientes difundidos este lunes.<\/p>\n<p class=\"nota-justify\">Las primeras manifestaciones se registraron el 20 y 21 de septiembre y se repitieron el pasado fin de semana. El movimiento de protesta es liderado por la Generaci\u00f3n Z, un colectivo de j\u00f3venes que se moviliz\u00f3 en contra de la clase pol\u00edtica.<\/p>\n<p class=\"nota-justify\">Los manifestantes (a los que se sumaron tambi\u00e9n transportistas) protestaron en las calles para repudiar a la ola de extorsiones del crimen organizado, adem\u00e1s de la corrupci\u00f3n y una reforma de pensiones aprobada por el legislativo. Las protestas derivaron en duros enfrentamientos con las fuerzas del orden en los alrededores de las sedes de los poderes p\u00fablicos, en el centro de Lima. Tambi\u00e9n fueron detenidos \u00ab10 ciudadanos en flagrancia\u00bb, agreg\u00f3 el ministerio en un comunicado.<\/p>\n<p class=\"nota-justify\">El s\u00e1bado grupos de j\u00f3venes lanzaron piedras, bombas incendiarias y fuegos artificiales contra la polic\u00eda, que respondi\u00f3 con gases lacrim\u00f3genos, observaron periodistas de la AFP. Por su parte, la Coordinadora Nacional de Derechos Humanos registr\u00f3 en el mismo lapso 39 civiles heridos.<\/p>\n<p class=\"nota-justify\">Durante el primer fin de semana, la Asociaci\u00f3n Nacional de Periodistas de Per\u00fa document\u00f3 a la par ataques con perdigones de goma contra nueve reporteros y fot\u00f3grafos. Las agresiones provinieron presuntamente de agentes oficiales. Las organizaciones civiles denunciaron la represi\u00f3n policial, tras recabar testimonios de personas golpeadas o heridas.<\/p>\n","protected":false},"excerpt":{"rendered":"<p>Al menos 74 heridos, entre ellos hay 26 polic\u00edas y nueve periodistas, a causa de las m\u00e1s recientes protestas contra<\/p>\n","protected":false},"author":4,"featured_media":71887,"comment_status":"closed","ping_status":"closed","sticky":false,"template":"","format":"standard","meta":{"colormag_page_container_layout":"default_layout","colormag_page_sidebar_layout":"default_layout","_jetpack_memberships_contains_paid_content":false,"footnotes":"","jetpack_publicize_message":"","jetpack_publicize_feature_enabled":true,"jetpack_social_post_already_shared":true,"jetpack_social_options":{"image_generator_settings":{"template":"highway","default_image_id":0,"font":"","enabled":false},"version":2}},"categories":[28],"tags":[],"class_list":["post-71886","post","type-post","status-publish","format-standard","has-post-thumbnail","hentry","category-internacional"],"jetpack_publicize_connections":[],"jetpack_featured_media_url":"https:\/\/i0.wp.com\/politicosaldesnudo.com.mx\/wp-content\/uploads\/2025\/09\/LIM-1.jpg?fit=765%2C506&ssl=1","jetpack-related-posts":[],"jetpack_sharing_enabled":true,"_links":{"self":[{"href":"https:\/\/politicosaldesnudo.com.mx\/index.php\/wp-json\/wp\/v2\/posts\/71886","targetHints":{"allow":["GET"]}}],"collection":[{"href":"https:\/\/politicosaldesnudo.com.mx\/index.php\/wp-json\/wp\/v2\/posts"}],"about":[{"href":"https:\/\/politicosaldesnudo.com.mx\/index.php\/wp-json\/wp\/v2\/types\/post"}],"author":[{"embeddable":true,"href":"https:\/\/politicosaldesnudo.com.mx\/index.php\/wp-json\/wp\/v2\/users\/4"}],"replies":[{"embeddable":true,"href":"https:\/\/politicosaldesnudo.com.mx\/index.php\/wp-json\/wp\/v2\/comments?post=71886"}],"version-history":[{"count":0,"href":"https:\/\/politicosaldesnudo.com.mx\/index.php\/wp-json\/wp\/v2\/posts\/71886\/revisions"}],"wp:featuredmedia":[{"embeddable":true,"href":"https:\/\/politicosaldesnudo.com.mx\/index.php\/wp-json\/wp\/v2\/media\/71887"}],"wp:attachment":[{"href":"https:\/\/politicosaldesnudo.com.mx\/index.php\/wp-json\/wp\/v2\/media?parent=71886"}],"wp:term":[{"taxonomy":"category","embeddable":true,"href":"https:\/\/politicosaldesnudo.com.mx\/index.php\/wp-json\/wp\/v2\/categories?post=71886"},{"taxonomy":"post_tag","embeddable":true,"href":"https:\/\/politicosaldesnudo.com.mx\/index.php\/wp-json\/wp\/v2\/tags?post=71886"}],"curies":[{"name":"wp","href":"https:\/\/api.w.org\/{rel}","templated":true}]}}