{"id":71902,"date":"2025-09-30T20:33:35","date_gmt":"2025-10-01T02:33:35","guid":{"rendered":"https:\/\/politicosaldesnudo.com.mx\/?p=71902"},"modified":"2025-09-30T20:33:35","modified_gmt":"2025-10-01T02:33:35","slug":"por-primera-vez-la-obra-de-diego-rivera-se-presenta-en-tuxpan","status":"publish","type":"post","link":"https:\/\/politicosaldesnudo.com.mx\/index.php\/2025\/09\/30\/por-primera-vez-la-obra-de-diego-rivera-se-presenta-en-tuxpan\/","title":{"rendered":"Por primera vez, la obra de Diego Rivera se presenta en Tuxpan"},"content":{"rendered":"<p>La Secretar\u00eda de Cultura del Estado de Veracruz (SECVER), en colaboraci\u00f3n con el H. Ayuntamiento de Tuxpan, traer\u00e1 el viernes 03 de octubre la galer\u00eda abierta Diego Rivera al Parque Reforma de Tuxpan.<\/p>\n<p>A partir de esa fecha, tanto los habitantes del municipio como de las zonas cercanas podr\u00e1n visitar esta exposici\u00f3n.<\/p>\n<p><img data-recalc-dims=\"1\" loading=\"lazy\" decoding=\"async\" class=\"aligncenter size-large wp-image-71904\" src=\"https:\/\/i0.wp.com\/politicosaldesnudo.com.mx\/wp-content\/uploads\/2025\/09\/WhatsApp-Image-2025-09-30-at-11.13.48-1024x1024.jpeg?resize=800%2C800&#038;ssl=1\" alt=\"\" width=\"800\" height=\"800\" srcset=\"https:\/\/i0.wp.com\/politicosaldesnudo.com.mx\/wp-content\/uploads\/2025\/09\/WhatsApp-Image-2025-09-30-at-11.13.48.jpeg?resize=1024%2C1024&amp;ssl=1 1024w, https:\/\/i0.wp.com\/politicosaldesnudo.com.mx\/wp-content\/uploads\/2025\/09\/WhatsApp-Image-2025-09-30-at-11.13.48.jpeg?resize=300%2C300&amp;ssl=1 300w, https:\/\/i0.wp.com\/politicosaldesnudo.com.mx\/wp-content\/uploads\/2025\/09\/WhatsApp-Image-2025-09-30-at-11.13.48.jpeg?resize=150%2C150&amp;ssl=1 150w, https:\/\/i0.wp.com\/politicosaldesnudo.com.mx\/wp-content\/uploads\/2025\/09\/WhatsApp-Image-2025-09-30-at-11.13.48.jpeg?resize=768%2C768&amp;ssl=1 768w, https:\/\/i0.wp.com\/politicosaldesnudo.com.mx\/wp-content\/uploads\/2025\/09\/WhatsApp-Image-2025-09-30-at-11.13.48.jpeg?resize=1536%2C1536&amp;ssl=1 1536w, https:\/\/i0.wp.com\/politicosaldesnudo.com.mx\/wp-content\/uploads\/2025\/09\/WhatsApp-Image-2025-09-30-at-11.13.48.jpeg?w=1600&amp;ssl=1 1600w\" sizes=\"auto, (max-width: 800px) 100vw, 800px\" \/><\/p>\n<p>La muestra, que ser\u00e1 itinerante, visitar\u00e1 siete comunidades en esta edici\u00f3n, incluyendo tambi\u00e9n Papantla, Coatzintla y Poza Rica. Est\u00e1 dise\u00f1ada especialmente para el p\u00fablico infantil y se presenta en una estructura m\u00f3vil que permite su exhibici\u00f3n al aire libre. Contiene reproducciones de obras que forman parte de la colecci\u00f3n original del Museo de Arte del Estado de Veracruz (MAEV), ubicado en Orizaba.<\/p>\n<p>Esta colecci\u00f3n es patrimonio cultural de todos los veracruzanos y est\u00e1 compuesta por 37 piezas creadas por Diego Rivera en distintas etapas de su vida art\u00edstica, utilizando t\u00e9cnicas como \u00f3leo, pastel y carb\u00f3n, en diversos soportes.<br \/>\nDebido a que las obras originales requieren condiciones espec\u00edficas de conservaci\u00f3n (como temperatura, luz, humedad y seguridad), la SECVER desarroll\u00f3 este proyecto para hacerlas accesibles a nuevos p\u00fablicos mediante r\u00e9plicas.<\/p>\n<p>La curadur\u00eda, a cargo de Brenda Caro, gira en torno a la pregunta \u201cDiego, \u00bfqu\u00e9 miras?\u201d, invitando al espectador a reflexionar desde cuatro perspectivas:<\/p>\n<p>\u2022 Mirar afuera: para contemplar los paisajes que el artista pint\u00f3 en Europa, M\u00e9xico y Veracruz.<br \/>\n\u2022 Mirar adentro: a trav\u00e9s de retratos donde se plasman los rostros de su madre, su esposa y otros personajes.<br \/>\n\u2022 Mirarnos: identificarnos como mexicanos en las representaciones de mercados, zonas rurales y tradiciones.<br \/>\n\u2022 Mirar al otro: ver las obras que Rivera cre\u00f3 en el extranjero, donde abord\u00f3 problem\u00e1ticas sociales distintas.<\/p>\n<p>Este recorrido visual permite al p\u00fablico acercarse a la vida y legado de uno de los m\u00e1s grandes artistas mexicanos, conociendo sus motivaciones, evoluci\u00f3n art\u00edstica e ideolog\u00eda.<\/p>\n<p>Rivera cre\u00eda firmemente que el arte deb\u00eda ser parte de la vida p\u00fablica, por lo que fund\u00f3 junto a otros artistas el movimiento muralista mexicano, que marc\u00f3 un antes y un despu\u00e9s en la historia del arte tanto en M\u00e9xico como en el mundo. Esta galer\u00eda itinerante responde a esa visi\u00f3n, llevando el arte a todos los rincones.<\/p>\n<p>La SECVER, en coordinaci\u00f3n con el Ayuntamiento de Tuxpan, encabezado por el presidente municipal Jes\u00fas Fomperoza Torres, invita a toda la poblaci\u00f3n a visitar la galer\u00eda abierta en el Parque Reforma, ubicado en Av. Benito Ju\u00e1rez 853, Centro, 92800 Tuxpan, Ver., en el centro de la ciudad.<\/p>\n<p>Para m\u00e1s informaci\u00f3n sobre la programaci\u00f3n, se puede consultar la p\u00e1gina oficial de SECVER en redes sociales: @SECVERoficial.<\/p>\n<p>*Este proyecto es apoyado con recursos federales, a trav\u00e9s del Programa de Apoyos a la Cultura en su vertiente Apoyo a Instituciones Estatales de Cultura 2025 de la Secretar\u00eda de Cultura.<br \/>\n**Este programa es p\u00fablico, ajeno a cualquier partido pol\u00edtico. Queda prohibido el uso para fines distintos a los establecidos en el programa.<\/p>\n","protected":false},"excerpt":{"rendered":"<p>La Secretar\u00eda de Cultura del Estado de Veracruz (SECVER), en colaboraci\u00f3n con el H. Ayuntamiento de Tuxpan, traer\u00e1 el viernes<\/p>\n","protected":false},"author":4,"featured_media":71903,"comment_status":"closed","ping_status":"closed","sticky":false,"template":"","format":"standard","meta":{"colormag_page_container_layout":"default_layout","colormag_page_sidebar_layout":"default_layout","_jetpack_memberships_contains_paid_content":false,"footnotes":"","jetpack_publicize_message":"","jetpack_publicize_feature_enabled":true,"jetpack_social_post_already_shared":true,"jetpack_social_options":{"image_generator_settings":{"template":"highway","default_image_id":0,"font":"","enabled":false},"version":2}},"categories":[3205,1082],"tags":[],"class_list":["post-71902","post","type-post","status-publish","format-standard","has-post-thumbnail","hentry","category-gobierno-tuxpan","category-tuxpan"],"jetpack_publicize_connections":[],"jetpack_featured_media_url":"https:\/\/i0.wp.com\/politicosaldesnudo.com.mx\/wp-content\/uploads\/2025\/09\/IMDSTC.jpg?fit=1600%2C1025&ssl=1","jetpack-related-posts":[],"jetpack_sharing_enabled":true,"_links":{"self":[{"href":"https:\/\/politicosaldesnudo.com.mx\/index.php\/wp-json\/wp\/v2\/posts\/71902","targetHints":{"allow":["GET"]}}],"collection":[{"href":"https:\/\/politicosaldesnudo.com.mx\/index.php\/wp-json\/wp\/v2\/posts"}],"about":[{"href":"https:\/\/politicosaldesnudo.com.mx\/index.php\/wp-json\/wp\/v2\/types\/post"}],"author":[{"embeddable":true,"href":"https:\/\/politicosaldesnudo.com.mx\/index.php\/wp-json\/wp\/v2\/users\/4"}],"replies":[{"embeddable":true,"href":"https:\/\/politicosaldesnudo.com.mx\/index.php\/wp-json\/wp\/v2\/comments?post=71902"}],"version-history":[{"count":0,"href":"https:\/\/politicosaldesnudo.com.mx\/index.php\/wp-json\/wp\/v2\/posts\/71902\/revisions"}],"wp:featuredmedia":[{"embeddable":true,"href":"https:\/\/politicosaldesnudo.com.mx\/index.php\/wp-json\/wp\/v2\/media\/71903"}],"wp:attachment":[{"href":"https:\/\/politicosaldesnudo.com.mx\/index.php\/wp-json\/wp\/v2\/media?parent=71902"}],"wp:term":[{"taxonomy":"category","embeddable":true,"href":"https:\/\/politicosaldesnudo.com.mx\/index.php\/wp-json\/wp\/v2\/categories?post=71902"},{"taxonomy":"post_tag","embeddable":true,"href":"https:\/\/politicosaldesnudo.com.mx\/index.php\/wp-json\/wp\/v2\/tags?post=71902"}],"curies":[{"name":"wp","href":"https:\/\/api.w.org\/{rel}","templated":true}]}}