{"id":71945,"date":"2025-10-01T00:14:11","date_gmt":"2025-10-01T06:14:11","guid":{"rendered":"https:\/\/politicosaldesnudo.com.mx\/?p=71945"},"modified":"2025-09-30T22:53:44","modified_gmt":"2025-10-01T04:53:44","slug":"fortalecen-en-guanajuato-politicas-de-proteccion-para-periodistas-y-defensores-de-dh","status":"publish","type":"post","link":"https:\/\/politicosaldesnudo.com.mx\/index.php\/2025\/10\/01\/fortalecen-en-guanajuato-politicas-de-proteccion-para-periodistas-y-defensores-de-dh\/","title":{"rendered":"Fortalecen en Guanajuato pol\u00edticas de protecci\u00f3n para periodistas y defensores de DH"},"content":{"rendered":"<p class=\"nota-justify\">El Congreso reform\u00f3 la Ley de Protecci\u00f3n de Defensores de Derechos Humanos y Periodistas para mejorar las pol\u00edticas de prevenci\u00f3n y de atenci\u00f3n por agresiones contra reporteros y defensores.<\/p>\n<p class=\"nota-justify\">La reforma aprobada fue enviada por la gobernadora, Libia Garc\u00eda Mu\u00f1oz Ledo, a propuesta de los periodistas Sof\u00eda Negrete, Jos\u00e9 Meza y Carlos Garc\u00eda, ahora exintegrantes del Consejo Estatal de Protecci\u00f3n a Personas Defensoras de Derechos Humanos y Periodistas.<\/p>\n<p class=\"nota-justify\">La iniciativa se nutri\u00f3 con la participaci\u00f3n de reporteros en una sesi\u00f3n de la Comisi\u00f3n de Derechos Humanos del Congreso.<\/p>\n<p class=\"nota-justify\">Los diputados aprobaron cambiar la integraci\u00f3n del Consejo, sustituyendo al Poder Judicial y a la Secretar\u00eda de la Honestidad por la Comisi\u00f3n Estatal de B\u00fasqueda y por la Comisi\u00f3n de Atenci\u00f3n Integral a V\u00edctimas.<\/p>\n<p class=\"nota-justify\">As\u00ed el Consejo qued\u00f3 integrado por la Secretar\u00eda de Gobierno, por la Secretar\u00eda de Seguridad, por la Fiscal\u00eda General del Estado, por la Procuradur\u00eda de los Derechos Humanos, por la Comisi\u00f3n de B\u00fasqueda, por la Comisi\u00f3n de Atenci\u00f3n a V\u00edctimas, por tres periodistas y tres defensores.<\/p>\n<p class=\"nota-justify\">La reforma contempla que los titulares de las dependencias deber\u00e1n asistir por lo menos al 50 por ciento de las sesiones bimestrales.<\/p>\n<p class=\"nota-justify\">Desde que se comenz\u00f3 la operaci\u00f3n del Consejo, el 10 de abril del 2019, los entonces fiscal y secretario de Seguridad, Carlos Zamarripa Aguirre y Alvar Cabeza de Vaca, nunca asistieron a una sesi\u00f3n del organismo.<\/p>\n<p class=\"nota-justify\">Entre los cambios a la ley resalta que el Consejo podr\u00e1 emitir pronunciamientos o exhortos para advertir, se\u00f1alar y atender situaciones en que existan riesgos para la libertad de expresi\u00f3n, la actividad period\u00edstica, as\u00ed como la integridad y seguridad de reporteros y defensores.<\/p>\n<p class=\"nota-justify\">Adem\u00e1s, deber\u00e1 dar seguimiento a las denuncias y querellas presentadas por reporteros y defensores ante Derechos Humanos y ante el Ministerio P\u00fablico, \u201ccuando sean referentes a da\u00f1os o agresiones sufridas en el marco o con motivo de su actividad\u201d.<\/p>\n<p class=\"nota-justify\">Ahora la Secretar\u00eda T\u00e9cnica del Consejo brindar\u00e1 asesor\u00eda jur\u00eddica especializada a los reporteros y defensores, as\u00ed como la implementaci\u00f3n de campa\u00f1as enfocadas a resaltar la importancia de respetar y promover las actividades de los periodistas y defensores.<\/p>\n<p class=\"nota-justify\">En las medidas de protecci\u00f3n se establece la asignaci\u00f3n de personal de seguridad, vigilancia en el domicilio y en traslados, as\u00ed como chalecos antibalas, veh\u00edculos blindados, reforzamiento en domicilio e instalaci\u00f3n de c\u00e1maras de vigilancia, que podr\u00e1n vincularse al C5 del estado o a los C4 de los municipios.<\/p>\n","protected":false},"excerpt":{"rendered":"<p>El Congreso reform\u00f3 la Ley de Protecci\u00f3n de Defensores de Derechos Humanos y Periodistas para mejorar las pol\u00edticas de prevenci\u00f3n<\/p>\n","protected":false},"author":4,"featured_media":71946,"comment_status":"closed","ping_status":"closed","sticky":false,"template":"","format":"standard","meta":{"colormag_page_container_layout":"default_layout","colormag_page_sidebar_layout":"default_layout","_jetpack_memberships_contains_paid_content":false,"footnotes":"","jetpack_publicize_message":"","jetpack_publicize_feature_enabled":true,"jetpack_social_post_already_shared":true,"jetpack_social_options":{"image_generator_settings":{"template":"highway","default_image_id":0,"font":"","enabled":false},"version":2}},"categories":[30],"tags":[],"class_list":["post-71945","post","type-post","status-publish","format-standard","has-post-thumbnail","hentry","category-estados"],"jetpack_publicize_connections":[],"jetpack_featured_media_url":"https:\/\/i0.wp.com\/politicosaldesnudo.com.mx\/wp-content\/uploads\/2025\/09\/guano.jpg?fit=761%2C430&ssl=1","jetpack-related-posts":[],"jetpack_sharing_enabled":true,"_links":{"self":[{"href":"https:\/\/politicosaldesnudo.com.mx\/index.php\/wp-json\/wp\/v2\/posts\/71945","targetHints":{"allow":["GET"]}}],"collection":[{"href":"https:\/\/politicosaldesnudo.com.mx\/index.php\/wp-json\/wp\/v2\/posts"}],"about":[{"href":"https:\/\/politicosaldesnudo.com.mx\/index.php\/wp-json\/wp\/v2\/types\/post"}],"author":[{"embeddable":true,"href":"https:\/\/politicosaldesnudo.com.mx\/index.php\/wp-json\/wp\/v2\/users\/4"}],"replies":[{"embeddable":true,"href":"https:\/\/politicosaldesnudo.com.mx\/index.php\/wp-json\/wp\/v2\/comments?post=71945"}],"version-history":[{"count":0,"href":"https:\/\/politicosaldesnudo.com.mx\/index.php\/wp-json\/wp\/v2\/posts\/71945\/revisions"}],"wp:featuredmedia":[{"embeddable":true,"href":"https:\/\/politicosaldesnudo.com.mx\/index.php\/wp-json\/wp\/v2\/media\/71946"}],"wp:attachment":[{"href":"https:\/\/politicosaldesnudo.com.mx\/index.php\/wp-json\/wp\/v2\/media?parent=71945"}],"wp:term":[{"taxonomy":"category","embeddable":true,"href":"https:\/\/politicosaldesnudo.com.mx\/index.php\/wp-json\/wp\/v2\/categories?post=71945"},{"taxonomy":"post_tag","embeddable":true,"href":"https:\/\/politicosaldesnudo.com.mx\/index.php\/wp-json\/wp\/v2\/tags?post=71945"}],"curies":[{"name":"wp","href":"https:\/\/api.w.org\/{rel}","templated":true}]}}