{"id":71948,"date":"2025-10-01T00:15:21","date_gmt":"2025-10-01T06:15:21","guid":{"rendered":"https:\/\/politicosaldesnudo.com.mx\/?p=71948"},"modified":"2025-09-30T22:55:59","modified_gmt":"2025-10-01T04:55:59","slug":"gobierno-de-durango-reducira-18-la-nomina-210-trabajadores-ya-fueron-despedidos","status":"publish","type":"post","link":"https:\/\/politicosaldesnudo.com.mx\/index.php\/2025\/10\/01\/gobierno-de-durango-reducira-18-la-nomina-210-trabajadores-ya-fueron-despedidos\/","title":{"rendered":"Gobierno de Durango reducir\u00e1 18% la n\u00f3mina; 210 trabajadores ya fueron despedidos"},"content":{"rendered":"<p>El gobernador Esteban Villegas Villarreal anunci\u00f3 que el Gobierno del Estado deber\u00e1 reducir en un 18 por ciento su plantilla laboral antes de que concluya 2025. La Secretar\u00eda de Salud ya notific\u00f3 el despido de los primeros 210 trabajadores como parte de este ajuste.<\/p>\n<p>Villegas Villarreal explic\u00f3 que, en reuniones con la Unidad de Coordinaci\u00f3n con Entidades Federativas (UCEF), se le inform\u00f3 que si Durango busca apoyo econ\u00f3mico dentro del programa U-080, deber\u00e1 disminuir su n\u00f3mina para poder cumplir con los compromisos de cierre de a\u00f1o.<\/p>\n<p>\u201cUna de las cosas que nos est\u00e1n pidiendo es bajar la n\u00f3mina. La hemos venido reduciendo en estos tres a\u00f1os, pero nos volvieron a se\u00f1alar que todav\u00eda falta. Tenemos mucha gente administrativa, las n\u00f3minas estaban infladas y nos piden disminuirla en un 18 por ciento de aqu\u00ed a diciembre\u201d, indic\u00f3 el mandatario.<\/p>\n<p>Aunque no precis\u00f3 cu\u00e1ntos trabajadores conforman la plantilla estatal, sostuvo que cada secretar\u00eda tendr\u00e1 la instrucci\u00f3n de recortar personal en la misma proporci\u00f3n. \u201cEn algunas \u00e1reas tendr\u00e1n que dar de baja a 10 o 20 personas; en otras, ser\u00e1n muchas m\u00e1s. Pero ser\u00e1 parejo, un 18 por ciento en todas\u201d, agreg\u00f3.<\/p>\n<p>El gobernador puntualiz\u00f3 que se tendr\u00e1 especial cuidado en no afectar al personal sindicalizado, debido a la dificultad que implican sus bajas.<\/p>\n<p>\u201cLa gente trabajadora, la que hace bien su labor, se va a quedar, pero hay otros que no podremos mantener. A nadie le gusta despedir trabajadores, pero ya no tengo dinero para seguirles pagando\u201d, subray\u00f3.<\/p>\n","protected":false},"excerpt":{"rendered":"<p>El gobernador Esteban Villegas Villarreal anunci\u00f3 que el Gobierno del Estado deber\u00e1 reducir en un 18 por ciento su plantilla<\/p>\n","protected":false},"author":4,"featured_media":71949,"comment_status":"closed","ping_status":"closed","sticky":false,"template":"","format":"standard","meta":{"colormag_page_container_layout":"default_layout","colormag_page_sidebar_layout":"default_layout","_jetpack_memberships_contains_paid_content":false,"footnotes":"","jetpack_publicize_message":"","jetpack_publicize_feature_enabled":true,"jetpack_social_post_already_shared":true,"jetpack_social_options":{"image_generator_settings":{"template":"highway","default_image_id":0,"font":"","enabled":false},"version":2}},"categories":[30],"tags":[],"class_list":["post-71948","post","type-post","status-publish","format-standard","has-post-thumbnail","hentry","category-estados"],"jetpack_publicize_connections":[],"jetpack_featured_media_url":"https:\/\/i0.wp.com\/politicosaldesnudo.com.mx\/wp-content\/uploads\/2025\/09\/dur.jpg?fit=764%2C542&ssl=1","jetpack-related-posts":[],"jetpack_sharing_enabled":true,"_links":{"self":[{"href":"https:\/\/politicosaldesnudo.com.mx\/index.php\/wp-json\/wp\/v2\/posts\/71948","targetHints":{"allow":["GET"]}}],"collection":[{"href":"https:\/\/politicosaldesnudo.com.mx\/index.php\/wp-json\/wp\/v2\/posts"}],"about":[{"href":"https:\/\/politicosaldesnudo.com.mx\/index.php\/wp-json\/wp\/v2\/types\/post"}],"author":[{"embeddable":true,"href":"https:\/\/politicosaldesnudo.com.mx\/index.php\/wp-json\/wp\/v2\/users\/4"}],"replies":[{"embeddable":true,"href":"https:\/\/politicosaldesnudo.com.mx\/index.php\/wp-json\/wp\/v2\/comments?post=71948"}],"version-history":[{"count":0,"href":"https:\/\/politicosaldesnudo.com.mx\/index.php\/wp-json\/wp\/v2\/posts\/71948\/revisions"}],"wp:featuredmedia":[{"embeddable":true,"href":"https:\/\/politicosaldesnudo.com.mx\/index.php\/wp-json\/wp\/v2\/media\/71949"}],"wp:attachment":[{"href":"https:\/\/politicosaldesnudo.com.mx\/index.php\/wp-json\/wp\/v2\/media?parent=71948"}],"wp:term":[{"taxonomy":"category","embeddable":true,"href":"https:\/\/politicosaldesnudo.com.mx\/index.php\/wp-json\/wp\/v2\/categories?post=71948"},{"taxonomy":"post_tag","embeddable":true,"href":"https:\/\/politicosaldesnudo.com.mx\/index.php\/wp-json\/wp\/v2\/tags?post=71948"}],"curies":[{"name":"wp","href":"https:\/\/api.w.org\/{rel}","templated":true}]}}