{"id":71951,"date":"2025-10-01T00:16:37","date_gmt":"2025-10-01T06:16:37","guid":{"rendered":"https:\/\/politicosaldesnudo.com.mx\/?p=71951"},"modified":"2025-09-30T22:57:54","modified_gmt":"2025-10-01T04:57:54","slug":"en-queretaro-localizan-pension-de-camiones-de-carga-de-huachicol","status":"publish","type":"post","link":"https:\/\/politicosaldesnudo.com.mx\/index.php\/2025\/10\/01\/en-queretaro-localizan-pension-de-camiones-de-carga-de-huachicol\/","title":{"rendered":"En Quer\u00e9taro, localizan pensi\u00f3n de camiones de carga de huachicol"},"content":{"rendered":"<p>Fuerzas federales localizaron y aseguraron la tarde de este martes una bodega clandestina donde se resguardaban un n\u00famero indeterminado de contenedores,\u00a0 garrafones y tinacos de pl\u00e1stico presuntamente llenos de \u00abhuachicol\u00bb o combustible extra\u00eddo de forma il\u00edcita de ductos de Petr\u00f3leos Mexicanos (Pemex).<\/p>\n<p>Se trata de un predio bardeado utilizado como pensi\u00f3n y taller de veh\u00edculos de carga.<\/p>\n<p>El lugar se encuentra a un costado de la carretera federal 57 M\u00e9xico &#8211; Quer\u00e9taro en las inmediaciones de la localidad de El Colorado, municipio de El Marqu\u00e9s.<\/p>\n<p>Soldados del Ej\u00e9rcito Mexicano como de la Guardia Nacional resguardan el per\u00edmetro de pensi\u00f3n. Al mismo tiempo, agentes de la Fiscal\u00eda General de la Rep\u00fablica (FGR)\u00a0 realizaron un cateo y\u00a0 diligencias en el interior de la presunta bodega de \u00abhuachicol\u00bb.<\/p>\n<p>Hasta las 19 horas,\u00a0 las autoridades federales no han informado el tipo de combustible y la cantidad de hidrocarburo que en encontrado en la bodega. Ha trascendido que dos tractocamiones y una cisterna fueron aseguradas en el lugar.<\/p>\n","protected":false},"excerpt":{"rendered":"<p>Fuerzas federales localizaron y aseguraron la tarde de este martes una bodega clandestina donde se resguardaban un n\u00famero indeterminado de<\/p>\n","protected":false},"author":4,"featured_media":71952,"comment_status":"closed","ping_status":"closed","sticky":false,"template":"","format":"standard","meta":{"colormag_page_container_layout":"default_layout","colormag_page_sidebar_layout":"default_layout","_jetpack_memberships_contains_paid_content":false,"footnotes":"","jetpack_publicize_message":"","jetpack_publicize_feature_enabled":true,"jetpack_social_post_already_shared":true,"jetpack_social_options":{"image_generator_settings":{"template":"highway","default_image_id":0,"font":"","enabled":false},"version":2}},"categories":[30],"tags":[],"class_list":["post-71951","post","type-post","status-publish","format-standard","has-post-thumbnail","hentry","category-estados"],"jetpack_publicize_connections":[],"jetpack_featured_media_url":"https:\/\/i0.wp.com\/politicosaldesnudo.com.mx\/wp-content\/uploads\/2025\/09\/pens.jpg?fit=758%2C545&ssl=1","jetpack-related-posts":[],"jetpack_sharing_enabled":true,"_links":{"self":[{"href":"https:\/\/politicosaldesnudo.com.mx\/index.php\/wp-json\/wp\/v2\/posts\/71951","targetHints":{"allow":["GET"]}}],"collection":[{"href":"https:\/\/politicosaldesnudo.com.mx\/index.php\/wp-json\/wp\/v2\/posts"}],"about":[{"href":"https:\/\/politicosaldesnudo.com.mx\/index.php\/wp-json\/wp\/v2\/types\/post"}],"author":[{"embeddable":true,"href":"https:\/\/politicosaldesnudo.com.mx\/index.php\/wp-json\/wp\/v2\/users\/4"}],"replies":[{"embeddable":true,"href":"https:\/\/politicosaldesnudo.com.mx\/index.php\/wp-json\/wp\/v2\/comments?post=71951"}],"version-history":[{"count":0,"href":"https:\/\/politicosaldesnudo.com.mx\/index.php\/wp-json\/wp\/v2\/posts\/71951\/revisions"}],"wp:featuredmedia":[{"embeddable":true,"href":"https:\/\/politicosaldesnudo.com.mx\/index.php\/wp-json\/wp\/v2\/media\/71952"}],"wp:attachment":[{"href":"https:\/\/politicosaldesnudo.com.mx\/index.php\/wp-json\/wp\/v2\/media?parent=71951"}],"wp:term":[{"taxonomy":"category","embeddable":true,"href":"https:\/\/politicosaldesnudo.com.mx\/index.php\/wp-json\/wp\/v2\/categories?post=71951"},{"taxonomy":"post_tag","embeddable":true,"href":"https:\/\/politicosaldesnudo.com.mx\/index.php\/wp-json\/wp\/v2\/tags?post=71951"}],"curies":[{"name":"wp","href":"https:\/\/api.w.org\/{rel}","templated":true}]}}