{"id":71963,"date":"2025-10-01T00:20:14","date_gmt":"2025-10-01T06:20:14","guid":{"rendered":"https:\/\/politicosaldesnudo.com.mx\/?p=71963"},"modified":"2025-09-30T23:06:50","modified_gmt":"2025-10-01T05:06:50","slug":"milei-autoriza-el-ingreso-de-tropas-de-eu-a-tierra-del-fuego-sin-aval-del-congreso","status":"publish","type":"post","link":"https:\/\/politicosaldesnudo.com.mx\/index.php\/2025\/10\/01\/milei-autoriza-el-ingreso-de-tropas-de-eu-a-tierra-del-fuego-sin-aval-del-congreso\/","title":{"rendered":"Milei autoriza el ingreso de tropas de EU a Tierra del Fuego sin aval del Congreso"},"content":{"rendered":"<p class=\"nota-justify\">El Gobierno de Javier Milei oficializ\u00f3 la llegada de efectivos militares de Estados Unidos a territorio argentino, en particular a la provincia de Tierra del Fuego, mediante un Decreto de Necesidad y Urgencia (DNU) 697\/2025, publicado este lunes en el Bolet\u00edn Oficial con la firma del Presidente y de todo su Gabinete, inform\u00f3 el medio TeleSUR.<\/p>\n<p class=\"nota-justify\">La medida habilita la realizaci\u00f3n de dos ejercicios militares combinados con Estados Unidos y Chile, en el marco del Plan Anual de Ejercicios Combinados de las Fuerzas Armadas.<\/p>\n<p class=\"nota-justify\">El primer operativo, denominado \u201cSolidaridad\u201d, se llevar\u00e1 a cabo del 6 al 10 de octubre en Puerto Varas, Chile, y estar\u00e1 orientado a la cooperaci\u00f3n frente a cat\u00e1strofes naturales, en base al Acuerdo de Cooperaci\u00f3n bilateral firmado en 1997. El DNU autoriza el despliegue de personal y medios militares argentinos entre el 5 y el 11 de octubre.<\/p>\n<p class=\"nota-justify\">El segundo ejercicio, bautizado \u201cTridente\u201d, se desarrollar\u00e1 en territorio argentino entre el 20 de octubre y el 15 de noviembre, con epicentro en las bases navales de Mar del Plata, Ushuaia y Puerto Belgrano. Incluir\u00e1 operaciones combinadas de defensa naval y asistencia humanitaria, con participaci\u00f3n directa de tropas estadounidenses. Seg\u00fan el decreto, el objetivo es \u201cmejorar la interoperabilidad y fortalecer las capacidades nacionales en escenarios de crisis\u201d.<\/p>\n<p class=\"nota-justify\">Ambas maniobras hab\u00edan sido contempladas en un proyecto de ley remitido al Congreso Nacional, pero la iniciativa no lleg\u00f3 a ser tratada.<\/p>\n<p class=\"nota-justify\">El Ejecutivo argument\u00f3 la \u201cnaturaleza excepcional\u201d del contexto y recurri\u00f3 al DNU para habilitar la llegada de tropas extranjeras. Sin embargo, la decisi\u00f3n abri\u00f3 un debate pol\u00edtico y jur\u00eddico, ya que el art\u00edculo 75 de la Constituci\u00f3n establece que el ingreso de fuerzas extranjeras al territorio requiere aprobaci\u00f3n legislativa.<\/p>\n<p>La Comisi\u00f3n Bicameral Permanente deber\u00e1 revisar la validez del decreto en los pr\u00f3ximos d\u00edas, aunque en la pr\u00e1ctica los operativos ya tienen un cronograma confirmado. Los gastos derivados de la participaci\u00f3n argentina ser\u00e1n cubiertos con partidas del Ministerio de Defensa.<\/p>\n","protected":false},"excerpt":{"rendered":"<p>El Gobierno de Javier Milei oficializ\u00f3 la llegada de efectivos militares de Estados Unidos a territorio argentino, en particular a<\/p>\n","protected":false},"author":4,"featured_media":71964,"comment_status":"closed","ping_status":"closed","sticky":false,"template":"","format":"standard","meta":{"colormag_page_container_layout":"default_layout","colormag_page_sidebar_layout":"default_layout","_jetpack_memberships_contains_paid_content":false,"footnotes":"","jetpack_publicize_message":"","jetpack_publicize_feature_enabled":true,"jetpack_social_post_already_shared":true,"jetpack_social_options":{"image_generator_settings":{"template":"highway","default_image_id":0,"font":"","enabled":false},"version":2}},"categories":[28],"tags":[],"class_list":["post-71963","post","type-post","status-publish","format-standard","has-post-thumbnail","hentry","category-internacional"],"jetpack_publicize_connections":[],"jetpack_featured_media_url":"https:\/\/i0.wp.com\/politicosaldesnudo.com.mx\/wp-content\/uploads\/2025\/09\/pssi.jpg?fit=760%2C521&ssl=1","jetpack-related-posts":[],"jetpack_sharing_enabled":true,"_links":{"self":[{"href":"https:\/\/politicosaldesnudo.com.mx\/index.php\/wp-json\/wp\/v2\/posts\/71963","targetHints":{"allow":["GET"]}}],"collection":[{"href":"https:\/\/politicosaldesnudo.com.mx\/index.php\/wp-json\/wp\/v2\/posts"}],"about":[{"href":"https:\/\/politicosaldesnudo.com.mx\/index.php\/wp-json\/wp\/v2\/types\/post"}],"author":[{"embeddable":true,"href":"https:\/\/politicosaldesnudo.com.mx\/index.php\/wp-json\/wp\/v2\/users\/4"}],"replies":[{"embeddable":true,"href":"https:\/\/politicosaldesnudo.com.mx\/index.php\/wp-json\/wp\/v2\/comments?post=71963"}],"version-history":[{"count":0,"href":"https:\/\/politicosaldesnudo.com.mx\/index.php\/wp-json\/wp\/v2\/posts\/71963\/revisions"}],"wp:featuredmedia":[{"embeddable":true,"href":"https:\/\/politicosaldesnudo.com.mx\/index.php\/wp-json\/wp\/v2\/media\/71964"}],"wp:attachment":[{"href":"https:\/\/politicosaldesnudo.com.mx\/index.php\/wp-json\/wp\/v2\/media?parent=71963"}],"wp:term":[{"taxonomy":"category","embeddable":true,"href":"https:\/\/politicosaldesnudo.com.mx\/index.php\/wp-json\/wp\/v2\/categories?post=71963"},{"taxonomy":"post_tag","embeddable":true,"href":"https:\/\/politicosaldesnudo.com.mx\/index.php\/wp-json\/wp\/v2\/tags?post=71963"}],"curies":[{"name":"wp","href":"https:\/\/api.w.org\/{rel}","templated":true}]}}