{"id":72015,"date":"2025-10-02T00:15:13","date_gmt":"2025-10-02T06:15:13","guid":{"rendered":"https:\/\/politicosaldesnudo.com.mx\/?p=72015"},"modified":"2025-10-01T22:56:22","modified_gmt":"2025-10-02T04:56:22","slug":"cuestionan-colectivos-de-desaparecidos-en-juarez-metodos-de-busqueda-de-fiscalia-de-chihuahua","status":"publish","type":"post","link":"https:\/\/politicosaldesnudo.com.mx\/index.php\/2025\/10\/02\/cuestionan-colectivos-de-desaparecidos-en-juarez-metodos-de-busqueda-de-fiscalia-de-chihuahua\/","title":{"rendered":"Cuestionan colectivos de desaparecidos en Ju\u00e1rez m\u00e9todos de b\u00fasqueda de Fiscal\u00eda de Chihuahua"},"content":{"rendered":"<div id=\"article-content-tts\" class=\"nota-contenido mb-5\">\n<div id=\"content_nitf\">\n<p class=\"nota-justify\">El colectivo de familiares de personas desaparecidas Centro de Derechos Humanos Paso del Norte A.C. cuestion\u00f3 rastreos recientes realizados por la Fiscal\u00eda General del Estado (FGE) de Chihuahua, en predios donde se encontraron inhumaciones clandestinas al suroriente de Ciudad Ju\u00e1rez.<\/p>\n<p class=\"nota-justify\">Ante el hallazgo de un presunto pante\u00f3n clandestino en un terreno bald\u00edo de la colonia Parajes de San Jos\u00e9, al suroriente de la ciudad, pidieron que la Fiscal\u00eda estatal les brinde informaci\u00f3n clara y oportuna, y que las familias de personas desaparecidas sean incluidas en los rastreos junto con una persona arque\u00f3loga forense.<\/p>\n<p class=\"nota-justify\">El martes pasado, polic\u00edas ministeriales localizaron una fosa clandestina, con restos de una persona, en un predio bald\u00edo tambi\u00e9n utilizado como tiradero de basura, llantas y muebles, en el cruce del bulevar Fundadores y calle Fundadores de Am\u00e9rica, a la entrada del fraccionamiento Parajes de San Jos\u00e9.<\/p>\n<p class=\"nota-justify\">Los agentes investigadores removieron la tierra a lo largo de un terreno de alrededor 500 metros cuadrados, utilizando dos m\u00e1quinas retroexcavadoras que manejaron empleados de la Junta Municipal de Agua y Saneamiento.<\/p>\n<p class=\"nota-justify\">En el mismo predio bald\u00edo, el s\u00e1bado 27 de septiembre, personal de la FGE localiz\u00f3 dos osamentas envueltas en cobijas, as\u00ed como restos \u00f3seos que pertenecen posiblemente a otro cuerpo, adem\u00e1s, este mi\u00e9rcoles la Fiscal\u00eda Especializada de la Mujer (FEM) inspeccion\u00f3 una vivienda en obra negra, cercana al terreno, donde encontr\u00f3 un cuarto cuerpo en reducci\u00f3n esquel\u00e9tica.<\/p>\n<p class=\"nota-justify\">El colectivo Paso del Norte se\u00f1al\u00f3 que estas excavaciones las debe realizar una persona arque\u00f3loga forense para que realice el correcto procesamiento del sitio, \u201cpues el uso de maquinaria pesada, dos retroexcavadoras, podr\u00eda perjudicar el proceso de identificaci\u00f3n de los restos\u201d.<\/p>\n<p class=\"nota-justify\">En una carta p\u00fablica, recordaron a la autoridad que la participaci\u00f3n conjunta en las tareas de b\u00fasqueda es un derecho de las familias de las v\u00edctimas, como se establece en la Ley General en Materia de Desaparici\u00f3n Forzada de Personas, Desaparici\u00f3n Cometida por Particulares y del Sistema Nacional de B\u00fasqueda de Personas, as\u00ed como en el Protocolo Homologado para la B\u00fasqueda de Personas Desaparecidas y No Localizadas.<\/p>\n<p class=\"nota-justify\">El Centro de Derechos Humanos Paso del Norte anunci\u00f3 que \u201cvigilaremos de cerca las siguientes acciones de la Fiscal\u00eda General del Estado. Reiteramos nuestro compromiso con las familias y las v\u00edctimas de desaparici\u00f3n\u201d.<\/p>\n<\/div>\n<\/div>\n<div class=\"notas-relacionadas\"><\/div>\n<div class=\"nota-tags\"><\/div>\n","protected":false},"excerpt":{"rendered":"<p>El colectivo de familiares de personas desaparecidas Centro de Derechos Humanos Paso del Norte A.C. cuestion\u00f3 rastreos recientes realizados por<\/p>\n","protected":false},"author":4,"featured_media":72016,"comment_status":"closed","ping_status":"closed","sticky":false,"template":"","format":"standard","meta":{"colormag_page_container_layout":"default_layout","colormag_page_sidebar_layout":"default_layout","_jetpack_memberships_contains_paid_content":false,"footnotes":"","jetpack_publicize_message":"","jetpack_publicize_feature_enabled":true,"jetpack_social_post_already_shared":true,"jetpack_social_options":{"image_generator_settings":{"template":"highway","default_image_id":0,"font":"","enabled":false},"version":2}},"categories":[30],"tags":[],"class_list":["post-72015","post","type-post","status-publish","format-standard","has-post-thumbnail","hentry","category-estados"],"jetpack_publicize_connections":[],"jetpack_featured_media_url":"https:\/\/i0.wp.com\/politicosaldesnudo.com.mx\/wp-content\/uploads\/2025\/10\/colec.jpg?fit=772%2C497&ssl=1","jetpack-related-posts":[],"jetpack_sharing_enabled":true,"_links":{"self":[{"href":"https:\/\/politicosaldesnudo.com.mx\/index.php\/wp-json\/wp\/v2\/posts\/72015","targetHints":{"allow":["GET"]}}],"collection":[{"href":"https:\/\/politicosaldesnudo.com.mx\/index.php\/wp-json\/wp\/v2\/posts"}],"about":[{"href":"https:\/\/politicosaldesnudo.com.mx\/index.php\/wp-json\/wp\/v2\/types\/post"}],"author":[{"embeddable":true,"href":"https:\/\/politicosaldesnudo.com.mx\/index.php\/wp-json\/wp\/v2\/users\/4"}],"replies":[{"embeddable":true,"href":"https:\/\/politicosaldesnudo.com.mx\/index.php\/wp-json\/wp\/v2\/comments?post=72015"}],"version-history":[{"count":0,"href":"https:\/\/politicosaldesnudo.com.mx\/index.php\/wp-json\/wp\/v2\/posts\/72015\/revisions"}],"wp:featuredmedia":[{"embeddable":true,"href":"https:\/\/politicosaldesnudo.com.mx\/index.php\/wp-json\/wp\/v2\/media\/72016"}],"wp:attachment":[{"href":"https:\/\/politicosaldesnudo.com.mx\/index.php\/wp-json\/wp\/v2\/media?parent=72015"}],"wp:term":[{"taxonomy":"category","embeddable":true,"href":"https:\/\/politicosaldesnudo.com.mx\/index.php\/wp-json\/wp\/v2\/categories?post=72015"},{"taxonomy":"post_tag","embeddable":true,"href":"https:\/\/politicosaldesnudo.com.mx\/index.php\/wp-json\/wp\/v2\/tags?post=72015"}],"curies":[{"name":"wp","href":"https:\/\/api.w.org\/{rel}","templated":true}]}}