{"id":72021,"date":"2025-10-02T00:17:02","date_gmt":"2025-10-02T06:17:02","guid":{"rendered":"https:\/\/politicosaldesnudo.com.mx\/?p=72021"},"modified":"2025-10-01T23:03:25","modified_gmt":"2025-10-02T05:03:25","slug":"gremio-de-periodistas-de-el-salvador-denuncia-autoexilio-de-43-de-sus-miembros","status":"publish","type":"post","link":"https:\/\/politicosaldesnudo.com.mx\/index.php\/2025\/10\/02\/gremio-de-periodistas-de-el-salvador-denuncia-autoexilio-de-43-de-sus-miembros\/","title":{"rendered":"Gremio de periodistas de El Salvador denuncia autoexilio de 43 de sus miembros"},"content":{"rendered":"<p>La Asociaci\u00f3n de Periodistas de El Salvador (Apes)<i>\u00a0<\/i>denunci\u00f3 este mi\u00e9rcoles que 43 comunicadores se fueron del pa\u00eds por \u00abmiedo\u00bb a ser detenidos por su labor cr\u00edtica contra el gobierno del presidente, Nayib Bukele.<\/p>\n<p>En un informe denominado \u00abLa Curva del silencio\u00bb, la Apesla se\u00f1al\u00f3 que la \u00abmayor parte de los casos\u00bb sucedi\u00f3 en mayo pasado, cuando fueron detenidos activistas de derechos humanos cr\u00edticos del mandatario.<\/p>\n<p>La asociaci\u00f3n registra estos casos entre enero y el 9 de junio de 2025. \u00abLos afectados explicaron que el principal motivo para salir del pa\u00eds era una posible orden de captura en su contra\u00bb, adem\u00e1s de \u00abrazones de acoso y miedo a ser detenidos\u00bb, se\u00f1al\u00f3 el informe de la Apes.<\/p>\n<p>\u00abLos periodistas que han salido del pa\u00eds pertenecen, en su mayor parte, a medios de comunicaci\u00f3n independientes y\/o nativos digitales, que se han mantenido cr\u00edticos y acuciosos ante la presente administraci\u00f3n gubernamental\u00bb, a\u00f1adi\u00f3 el informe.<\/p>\n<p>El documento agrega que en la mayor\u00eda de casos los periodistas \u00abfueron advertidos\u00bb de la supuesta \u00abexistencia de una lista -y su posible inclusi\u00f3n en ella- como objetivos pr\u00f3ximos de captura por parte del gobierno\u00bb.<\/p>\n<p>Bukele, quien goza de una alta popularidad por su \u00abguerra\u00bb antipandillas, acus\u00f3 en junio a la prensa de sumarse a lo que llam\u00f3 un \u00abataque organizado\u00bb contra su gobierno por parte de oeneg\u00e9s que lo se\u00f1alan de violaciones a los derechos humanos y supuestos casos de corrupci\u00f3n.<\/p>\n<p>La organizaci\u00f3n tambi\u00e9n anunci\u00f3 que decidi\u00f3 \u00abtrasladar\u00bb su personer\u00eda jur\u00eddica \u00aba otro pa\u00eds de la regi\u00f3n\u00bb centroamericana, sin precisar a cu\u00e1l. Ello debido a supuestos \u00abobst\u00e1culos\u00bb que les plantea una Ley de Agentes Extranjeros en el pa\u00eds.<\/p>\n<p>Seg\u00fan distintas oeneg\u00e9s de derechos humanos, con esa ley el gobierno salvadore\u00f1o busca silenciarlas.<\/p>\n<p>La normativa, que entr\u00f3 en vigor el 7 de junio y similar a leyes existentes en Rusia, Venezuela y Nicaragua, restringe la labor de las oeneg\u00e9s y establece un impuesto de 30% por las donaciones que \u00e9stas reciben. La Apes asegur\u00f3 que \u00abseguir\u00e1 trabajando\u00bb desde el exilio \u00abpor la defensa del periodismo salvadore\u00f1o\u00bb.<\/p>\n","protected":false},"excerpt":{"rendered":"<p>La Asociaci\u00f3n de Periodistas de El Salvador (Apes)\u00a0denunci\u00f3 este mi\u00e9rcoles que 43 comunicadores se fueron del pa\u00eds por \u00abmiedo\u00bb a<\/p>\n","protected":false},"author":4,"featured_media":72022,"comment_status":"closed","ping_status":"closed","sticky":false,"template":"","format":"standard","meta":{"colormag_page_container_layout":"default_layout","colormag_page_sidebar_layout":"default_layout","_jetpack_memberships_contains_paid_content":false,"footnotes":"","jetpack_publicize_message":"","jetpack_publicize_feature_enabled":true,"jetpack_social_post_already_shared":true,"jetpack_social_options":{"image_generator_settings":{"template":"highway","default_image_id":0,"font":"","enabled":false},"version":2}},"categories":[28],"tags":[],"class_list":["post-72021","post","type-post","status-publish","format-standard","has-post-thumbnail","hentry","category-internacional"],"jetpack_publicize_connections":[],"jetpack_featured_media_url":"https:\/\/i0.wp.com\/politicosaldesnudo.com.mx\/wp-content\/uploads\/2025\/10\/lospe.jpg?fit=776%2C490&ssl=1","jetpack-related-posts":[],"jetpack_sharing_enabled":true,"_links":{"self":[{"href":"https:\/\/politicosaldesnudo.com.mx\/index.php\/wp-json\/wp\/v2\/posts\/72021","targetHints":{"allow":["GET"]}}],"collection":[{"href":"https:\/\/politicosaldesnudo.com.mx\/index.php\/wp-json\/wp\/v2\/posts"}],"about":[{"href":"https:\/\/politicosaldesnudo.com.mx\/index.php\/wp-json\/wp\/v2\/types\/post"}],"author":[{"embeddable":true,"href":"https:\/\/politicosaldesnudo.com.mx\/index.php\/wp-json\/wp\/v2\/users\/4"}],"replies":[{"embeddable":true,"href":"https:\/\/politicosaldesnudo.com.mx\/index.php\/wp-json\/wp\/v2\/comments?post=72021"}],"version-history":[{"count":0,"href":"https:\/\/politicosaldesnudo.com.mx\/index.php\/wp-json\/wp\/v2\/posts\/72021\/revisions"}],"wp:featuredmedia":[{"embeddable":true,"href":"https:\/\/politicosaldesnudo.com.mx\/index.php\/wp-json\/wp\/v2\/media\/72022"}],"wp:attachment":[{"href":"https:\/\/politicosaldesnudo.com.mx\/index.php\/wp-json\/wp\/v2\/media?parent=72021"}],"wp:term":[{"taxonomy":"category","embeddable":true,"href":"https:\/\/politicosaldesnudo.com.mx\/index.php\/wp-json\/wp\/v2\/categories?post=72021"},{"taxonomy":"post_tag","embeddable":true,"href":"https:\/\/politicosaldesnudo.com.mx\/index.php\/wp-json\/wp\/v2\/tags?post=72021"}],"curies":[{"name":"wp","href":"https:\/\/api.w.org\/{rel}","templated":true}]}}