{"id":72141,"date":"2025-10-04T00:08:15","date_gmt":"2025-10-04T06:08:15","guid":{"rendered":"https:\/\/politicosaldesnudo.com.mx\/?p=72141"},"modified":"2025-10-03T20:48:40","modified_gmt":"2025-10-04T02:48:40","slug":"ley-de-amparo-es-necesaria-pero-no-debe-ser-retroactiva-ministro-aguilar","status":"publish","type":"post","link":"https:\/\/politicosaldesnudo.com.mx\/index.php\/2025\/10\/04\/ley-de-amparo-es-necesaria-pero-no-debe-ser-retroactiva-ministro-aguilar\/","title":{"rendered":"Ley de amparo es necesaria pero no debe ser retroactiva: ministro Aguilar"},"content":{"rendered":"<p class=\"nota-justify\">La Ley de Amparo es necesaria, sin embargo no debe ser retroactiva, consider\u00f3 Hugo Aguilar Ortiz, ministro presidente de la Suprema Corte de Justicia de la Naci\u00f3n (SCJN).<\/p>\n<p class=\"nota-justify\">Reiter\u00f3 que el art\u00edculo transitorio de la reforma a la enmienda , que le da car\u00e1cter retroactivo a las nuevas disposiciones en la materia es inadecuado y se tiene que ajustar.<\/p>\n<p class=\"nota-justify\">Durante una reuni\u00f3n con medios de comunicaci\u00f3n dijo que en la actualidad el proceso del amparo est\u00e1 muy \u00abburocratizado\u00bb o hay muchos medios de impugnaci\u00f3n que hacen que los juicios de hagan interminables, \u00abentonces, s\u00ed es necesario simplificar buena parte del procedimiento en algunos casos el tema de la ejecuci\u00f3n de sentencia\u00bb.<\/p>\n<p class=\"nota-justify\">Esta semana el Senado de la Rep\u00fablica aprob\u00f3 con ajustes la iniciativa presidencial en materia de amparo. La enmienda est\u00e1 encaminada a modernizar y fortalecer ese mecanismo jur\u00eddico de defensa de los ciudadanos y a eliminar los abusos en que se ha incurrido, sobre todo en el caso de cr\u00e9ditos fiscales.<\/p>\n<p class=\"nota-justify\">Tambi\u00e9n establece que la suspensi\u00f3n podr\u00e1 negarse cuando se afecte el inter\u00e9s social y el orden p\u00fablico.<\/p>\n<p class=\"nota-justify\">Por otra parte, Aguilar Ortiz indic\u00f3 que a 30 d\u00edas que entr\u00f3 en funciones la nueva Corte se\u00a0\u00a0abate el rezago de los asuntos y el rendimiento es bueno, ya que desde desde el 2003 a el 2024 el m\u00e1ximo tribunal del pa\u00eds ten\u00eda una productividad que iba de de uno a cinco casos resueltos por sesi\u00f3n.<\/p>\n<p>\u00abEsa era la productividad del pleno. Hoy estamos en 12 casos por sesi\u00f3n del d\u00eda 11 de septiembre al d\u00eda 1 de octubre. Nosotros iniciamos nuestras sesiones p\u00fablicas el 11 de septiembre al d\u00eda 1 de octubre resolvimos un total de 116 casos Y eso nos da una productividad de 12 casos por sesi\u00f3n. Antes el pleno y salas llegaban alrededor de 120, 125 casos al mes\u00bb.<\/p>\n","protected":false},"excerpt":{"rendered":"<p>La Ley de Amparo es necesaria, sin embargo no debe ser retroactiva, consider\u00f3 Hugo Aguilar Ortiz, ministro presidente de la<\/p>\n","protected":false},"author":4,"featured_media":72142,"comment_status":"closed","ping_status":"closed","sticky":false,"template":"","format":"standard","meta":{"colormag_page_container_layout":"default_layout","colormag_page_sidebar_layout":"default_layout","_jetpack_memberships_contains_paid_content":false,"footnotes":"","jetpack_publicize_message":"","jetpack_publicize_feature_enabled":true,"jetpack_social_post_already_shared":true,"jetpack_social_options":{"image_generator_settings":{"template":"highway","default_image_id":0,"font":"","enabled":false},"version":2}},"categories":[33],"tags":[],"class_list":["post-72141","post","type-post","status-publish","format-standard","has-post-thumbnail","hentry","category-nacional"],"jetpack_publicize_connections":[],"jetpack_featured_media_url":"https:\/\/i0.wp.com\/politicosaldesnudo.com.mx\/wp-content\/uploads\/2025\/10\/vamos-a-ganarnos-la-confianza-ciudadana-asegura-el-ministro-presidente-hugo-aguilar-ortiz.jpg?fit=1200%2C740&ssl=1","jetpack-related-posts":[],"jetpack_sharing_enabled":true,"_links":{"self":[{"href":"https:\/\/politicosaldesnudo.com.mx\/index.php\/wp-json\/wp\/v2\/posts\/72141","targetHints":{"allow":["GET"]}}],"collection":[{"href":"https:\/\/politicosaldesnudo.com.mx\/index.php\/wp-json\/wp\/v2\/posts"}],"about":[{"href":"https:\/\/politicosaldesnudo.com.mx\/index.php\/wp-json\/wp\/v2\/types\/post"}],"author":[{"embeddable":true,"href":"https:\/\/politicosaldesnudo.com.mx\/index.php\/wp-json\/wp\/v2\/users\/4"}],"replies":[{"embeddable":true,"href":"https:\/\/politicosaldesnudo.com.mx\/index.php\/wp-json\/wp\/v2\/comments?post=72141"}],"version-history":[{"count":0,"href":"https:\/\/politicosaldesnudo.com.mx\/index.php\/wp-json\/wp\/v2\/posts\/72141\/revisions"}],"wp:featuredmedia":[{"embeddable":true,"href":"https:\/\/politicosaldesnudo.com.mx\/index.php\/wp-json\/wp\/v2\/media\/72142"}],"wp:attachment":[{"href":"https:\/\/politicosaldesnudo.com.mx\/index.php\/wp-json\/wp\/v2\/media?parent=72141"}],"wp:term":[{"taxonomy":"category","embeddable":true,"href":"https:\/\/politicosaldesnudo.com.mx\/index.php\/wp-json\/wp\/v2\/categories?post=72141"},{"taxonomy":"post_tag","embeddable":true,"href":"https:\/\/politicosaldesnudo.com.mx\/index.php\/wp-json\/wp\/v2\/tags?post=72141"}],"curies":[{"name":"wp","href":"https:\/\/api.w.org\/{rel}","templated":true}]}}